{"id":11226,"date":"2018-01-07T21:30:43","date_gmt":"2018-01-08T03:30:43","guid":{"rendered":"http:\/\/www.inter-accion.com.mx\/?p=11226"},"modified":"2018-01-07T21:30:43","modified_gmt":"2018-01-08T03:30:43","slug":"retira-angel-aguirre-su-precandidatura-a-diputado-federal-por-la-costa-chica-de-guerrero","status":"publish","type":"post","link":"https:\/\/www.interaccionnoticias.com.mx\/?p=11226","title":{"rendered":"Retira Angel Aguirre su precandidatura a diputado federal por la Costa Chica de Guerrero"},"content":{"rendered":"<h3><strong>Pretend\u00eda abanderar a la coalici\u00f3n PRD, PAN y MC&nbsp;<\/strong><\/h3>\n<p>El ex gobernador Angel Aguirre Rivero dio a conocer su determinaci\u00f3n de retirar su precandidatura a diputado federal por el VIII distrito electoral, correspondiente a la Costa Chica de Guerrero.<br \/>\nApenas el 27 de diciembre, Aguirre Rivero inici\u00f3 su precampa\u00f1a en pos de la postulaci\u00f3n por la coalici\u00f3n integrada por el PRD, Movimiento Ciudadano (MC) y PAN, en la cabecera municipal de Ayutla de los Libres, en la Costa Chica de Guerrero.<br \/>\nEse d\u00eda, padres de los 43 irrumpieron en el sal\u00f3n en que se desarrollaba el arranque de la precampa\u00f1a, con gritos en los que le lanzaron adjetivos como \u201casesino\u201d, ante lo que manifest\u00f3 que ten\u00eda autoridad moral para buscar un nuevo cargo de elecci\u00f3n popular.<br \/>\nLa tarde del 7 de enero, el ex mandatario estatal public\u00f3 en twiter un texto breve en el que se\u00f1alaba: \u201cEl d\u00eda de ma\u00f1ana retirar\u00e9 mi solicitud como precandidato a diputado federal de mayor\u00eda relativa por el distrito 08, con sede en la ciudad de Ayutla de los Libres.<br \/>\nContinu\u00f3: \u201cAgradezco a las dirigencias locales del PRD, MC y PAN, por todo el respaldo que me dieron durante este proceso, pero sobre todo, agradezco a la gente de la Costa Chica de Guerrero, a quienes siempre llevar\u00e9 en mi coraz\u00f3n\u201d.<br \/>\nConcluy\u00f3: \u201cGracias a todos aquellos que me impulsaron y apoyaron en este nuevo proyecto pol\u00edtico, as\u00ed como a quienes se opusieron y criticaron mi leg\u00edtima aspiraci\u00f3n; \u00a1Estoy en paz!<\/p>\n","protected":false},"excerpt":{"rendered":"<p>Pretend\u00eda abanderar a la coalici\u00f3n PRD, PAN y MC&nbsp; El ex gobernador Angel Aguirre Rivero dio a conocer su determinaci\u00f3n de retirar su precandidatura a diputado federal por el VIII&hellip; <\/p>\n","protected":false},"author":1,"featured_media":0,"comment_status":"closed","ping_status":"closed","sticky":false,"template":"","format":"standard","meta":{"fifu_image_url":"","fifu_image_alt":"","footnotes":""},"categories":[8,18],"tags":[],"class_list":["post-11226","post","type-post","status-publish","format-standard","hentry","category-featured","category-partidos-politicos"],"_links":{"self":[{"href":"https:\/\/www.interaccionnoticias.com.mx\/index.php?rest_route=\/wp\/v2\/posts\/11226","targetHints":{"allow":["GET"]}}],"collection":[{"href":"https:\/\/www.interaccionnoticias.com.mx\/index.php?rest_route=\/wp\/v2\/posts"}],"about":[{"href":"https:\/\/www.interaccionnoticias.com.mx\/index.php?rest_route=\/wp\/v2\/types\/post"}],"author":[{"embeddable":true,"href":"https:\/\/www.interaccionnoticias.com.mx\/index.php?rest_route=\/wp\/v2\/users\/1"}],"replies":[{"embeddable":true,"href":"https:\/\/www.interaccionnoticias.com.mx\/index.php?rest_route=%2Fwp%2Fv2%2Fcomments&post=11226"}],"version-history":[{"count":0,"href":"https:\/\/www.interaccionnoticias.com.mx\/index.php?rest_route=\/wp\/v2\/posts\/11226\/revisions"}],"wp:attachment":[{"href":"https:\/\/www.interaccionnoticias.com.mx\/index.php?rest_route=%2Fwp%2Fv2%2Fmedia&parent=11226"}],"wp:term":[{"taxonomy":"category","embeddable":true,"href":"https:\/\/www.interaccionnoticias.com.mx\/index.php?rest_route=%2Fwp%2Fv2%2Fcategories&post=11226"},{"taxonomy":"post_tag","embeddable":true,"href":"https:\/\/www.interaccionnoticias.com.mx\/index.php?rest_route=%2Fwp%2Fv2%2Ftags&post=11226"}],"curies":[{"name":"wp","href":"https:\/\/api.w.org\/{rel}","templated":true}]}}