{"id":11210,"date":"2018-01-07T19:26:26","date_gmt":"2018-01-08T01:26:26","guid":{"rendered":"http:\/\/www.inter-accion.com.mx\/?p=11210"},"modified":"2018-01-07T19:26:26","modified_gmt":"2018-01-08T01:26:26","slug":"marchan-en-chilpancingo-normalistas-de-ayotzinapa","status":"publish","type":"post","link":"https:\/\/www.interaccionnoticias.com.mx\/?p=11210","title":{"rendered":"Marchan en Chilpancingo normalistas de Ayotzinapa"},"content":{"rendered":"<h3><strong>Exigen justicia para v\u00edctimas de atropellamiento<\/strong><\/h3>\n<p class=\"m_-8380397434387673503x_MsoNormal\">Estudiantes de la Normal de Ayotzinapa marcharon en Chilpancingo para exigir justicia en el caso de sus compa\u00f1eros atropellados en 2014.<\/p>\n<p class=\"m_-8380397434387673503x_MsoNormal\">Pasadas las 11:00 horas, estudiantes de la Normal Rural Ra\u00fal Isidro Burgos se concentraron en las inmediaciones de la estatua del Caballito, sobre la avenida de Los Insurgentes, en el lado norte de la ciudad.<\/p>\n<p class=\"m_-8380397434387673503x_MsoNormal\">Comenzaron una marcha con direcci\u00f3n hacia el centro de la ciudad, en donde realizar\u00edan un mitin para recordar que el 7 de enero de 2014, un grupo de estudiantes de la Normal Rural fueron atropellados por un trailero cerca de la \u201cY\u201d de Atoyac de Alvarez, en la Costa Grande del estado.<\/p>\n<p class=\"m_-8380397434387673503x_MsoNormal\">En ese hecho murieron dos alumnos que realizaban una actividad de volanteo, en tanto que otros cuatro resultaron lesionados.&nbsp;&nbsp;<\/p>\n<p class=\"m_-8380397434387673503x_MsoNormal\">Aunque las autoridades sostienen que se trat\u00f3 de un accidente, los alumnos de la normal sostienen que en realidad se trata de un hecho que es producto de la campa\u00f1a de criminalizaci\u00f3n que desde los tres niveles de gobierno se ha impulsado en contra de&nbsp;Ayotzinapa.<\/p>\n<p class=\"m_-8380397434387673503x_MsoNormal\">Ese d\u00eda, el camionero consider\u00f3 que realizaba una acci\u00f3n justa al embestir al grupo de estudiantes, pues estaba influenciado por toda la desinformaci\u00f3n que se ha propagado en contra de los estudiantes.<\/p>\n<p class=\"m_-8380397434387673503x_MsoNormal\">La marcha avanz\u00f3 sobre las avenidas Insurgentes, Benito Ju\u00e1rez y posteriormente pas\u00f3 por Ignacio Ram\u00edrez, antes de ingresar a la plaza central Primero Congreso de An\u00e1huac, en donde se desarroll\u00f3 el mitin principal.<\/p>\n<p class=\"m_-8380397434387673503x_MsoNormal\">En la movilizaci\u00f3n participaron padres de los 43 estudiantes desaparecidos desde la noche del 26 de septiembre de 2014, quienes consideraron que el atropellamiento del 7 de enero represent\u00f3 un primer antecedente de las consecuencias graves que puede tener una campa\u00f1a constante de criminalizaci\u00f3n.<\/p>\n<p class=\"m_-8380397434387673503x_MsoNormal\">En la plaza central reprocharon que en diciembre pasado, gente cercana al ayuntamiento de Chilpancingo haya quemado el \u00e1rbol navide\u00f1o que ellos colocaron con el rostro de sus 43 compa\u00f1eros desaparecidos, pero advirtieron que eso no har\u00e1 mella en su reclamo de justicia.<\/p>\n<p class=\"m_-8380397434387673503x_MsoNormal\">Melit\u00f3n Ortega, indic\u00f3 que en el mes de enero habr\u00e1 m\u00e1s actividades para mantener vivo el movimiento, no descart\u00f3 que algunas de ellas impacten en el desarrollo del proceso electoral que ya est\u00e1 en curso.<\/p>\n","protected":false},"excerpt":{"rendered":"<p>Exigen justicia para v\u00edctimas de atropellamiento Estudiantes de la Normal de Ayotzinapa marcharon en Chilpancingo para exigir justicia en el caso de sus compa\u00f1eros atropellados en 2014. Pasadas las 11:00&hellip; <\/p>\n","protected":false},"author":1,"featured_media":0,"comment_status":"closed","ping_status":"closed","sticky":false,"template":"","format":"standard","meta":{"fifu_image_url":"","fifu_image_alt":"","footnotes":""},"categories":[8,15],"tags":[],"class_list":["post-11210","post","type-post","status-publish","format-standard","hentry","category-featured","category-movimientos-sociales"],"_links":{"self":[{"href":"https:\/\/www.interaccionnoticias.com.mx\/index.php?rest_route=\/wp\/v2\/posts\/11210","targetHints":{"allow":["GET"]}}],"collection":[{"href":"https:\/\/www.interaccionnoticias.com.mx\/index.php?rest_route=\/wp\/v2\/posts"}],"about":[{"href":"https:\/\/www.interaccionnoticias.com.mx\/index.php?rest_route=\/wp\/v2\/types\/post"}],"author":[{"embeddable":true,"href":"https:\/\/www.interaccionnoticias.com.mx\/index.php?rest_route=\/wp\/v2\/users\/1"}],"replies":[{"embeddable":true,"href":"https:\/\/www.interaccionnoticias.com.mx\/index.php?rest_route=%2Fwp%2Fv2%2Fcomments&post=11210"}],"version-history":[{"count":0,"href":"https:\/\/www.interaccionnoticias.com.mx\/index.php?rest_route=\/wp\/v2\/posts\/11210\/revisions"}],"wp:attachment":[{"href":"https:\/\/www.interaccionnoticias.com.mx\/index.php?rest_route=%2Fwp%2Fv2%2Fmedia&parent=11210"}],"wp:term":[{"taxonomy":"category","embeddable":true,"href":"https:\/\/www.interaccionnoticias.com.mx\/index.php?rest_route=%2Fwp%2Fv2%2Fcategories&post=11210"},{"taxonomy":"post_tag","embeddable":true,"href":"https:\/\/www.interaccionnoticias.com.mx\/index.php?rest_route=%2Fwp%2Fv2%2Ftags&post=11210"}],"curies":[{"name":"wp","href":"https:\/\/api.w.org\/{rel}","templated":true}]}}