{"id":11194,"date":"2018-01-07T11:21:25","date_gmt":"2018-01-07T17:21:25","guid":{"rendered":"http:\/\/www.inter-accion.com.mx\/?p=11194"},"modified":"2018-01-07T11:21:25","modified_gmt":"2018-01-07T17:21:25","slug":"presenta-pt-a-lider-transportista-como-su-precandidato-a-la-alcaldia-de-chilpancingo","status":"publish","type":"post","link":"https:\/\/www.interaccionnoticias.com.mx\/?p=11194","title":{"rendered":"Presenta PT a l\u00edder transportista como su precandidato a la alcald\u00eda de Chilpancingo"},"content":{"rendered":"<h3 class=\"m_2865860705130944319x_MsoListParagraph\"><strong><span lang=\"ES\">Mano dura contra la delincuencia, plantea Servando de Jes\u00fas Salgado<\/span><\/strong><\/h3>\n<p class=\"m_2865860705130944319x_MsoNormal\"><span lang=\"ES\"><br \/>\nLa dirigencia estatal del Partido del Trabajo (PT) present\u00f3 al presidente del Consejo del Autotransporte, Servando de Jes\u00fas Salgado como su propuesta para la candidatura a presidente municipal de Chilpancingo.<\/span><\/p>\n<p class=\"m_2865860705130944319x_MsoNormal\"><span lang=\"ES\">La ma\u00f1ana del s\u00e1bado 6 de enero, en una asamblea que se realiz\u00f3 en las oficinas del Consejo del Autotransporte, de manera un\u00e1nime Servando de Jes\u00fas recibi\u00f3 el respaldo para formalizar el acercamiento con el PT y de esa manera buscar la postulaci\u00f3n de la coalici\u00f3n que dicho partido sostiene con el Movimiento de Regeneraci\u00f3n Nacional (Morena) y el Partido Encuentro Social (PES).&nbsp;&nbsp;&nbsp;&nbsp;&nbsp;<\/span><\/p>\n<p class=\"m_2865860705130944319x_MsoNormal\"><span lang=\"ES\">La presentaci\u00f3n estuvo a cargo del dirigente estatal del PT Victoriano W\u00e9nces Real, que aclar\u00f3 que de ninguna manera se puede dar por hecho que la postulaci\u00f3n ya sea un hecho consumado, pues Servando todav\u00eda tiene que ir a una medici\u00f3n v\u00eda encuesta que se desarrollar\u00e1 con las propuestas que hagan el Morena y PES.<\/span><\/p>\n<p class=\"m_2865860705130944319x_MsoNormal\"><span lang=\"ES\">De Jes\u00fas Salgado manifest\u00f3 que coincide con el virtual candidato presidencial de la coalici\u00f3n, Andr\u00e9s Manuel L\u00f3pez Obrador en el sentido de que a M\u00e9xico le urge una transformaci\u00f3n estructural.<\/span><\/p>\n<p class=\"m_2865860705130944319x_MsoNormal\"><span lang=\"ES\">\u201cCon L\u00f3pez Obrador podemos hacer una historia diferente, junto con el PT y los compa\u00f1eros del PES, aunque nos vamos a someter a la encuesta que se va a realizar\u201d, destac\u00f3.<\/span><\/p>\n<p class=\"m_2865860705130944319x_MsoNormal\"><span lang=\"ES\">Respecto a los se\u00f1alamientos que se han hecho en contra del dirigente de transportistas en la capital del estado, relacionados con la supuesta vinculaci\u00f3n con la delincuencia, el dirigente estatal del PT manifest\u00f3 que en su momento ha respondido exhibiendo documentaci\u00f3n que desmiente dichas versiones, pues ha mostrado cartas de antecedentes no penales.<\/span><\/p>\n<p class=\"m_2865860705130944319x_MsoNormal\"><span lang=\"ES\">&nbsp;\u201cNosotros ya hemos demostrado que no tenemos nada que ver con esas situaciones\u201d, dijo el ahora precandidato del PT, quien admiti\u00f3 que hasta hace poco era simpatizante&nbsp;&nbsp;del PRI, pero no militante activo.<\/span><\/p>\n<p class=\"m_2865860705130944319x_MsoNormal\"><span lang=\"ES\">Dijo que tiene un proyecto muy claro para la ciudad, que se sustenta en ejes como la soluci\u00f3n al problema del agua, la definici\u00f3n de un destino&nbsp;&nbsp;final para la basura que se genera en la ciudad, el rescate de espacios p\u00fablicos para el sano esparcimiento de las familias y el tema de la seguridad, al que dijo, nadie le ha entrado con la firmeza que se requiere.<\/span><\/p>\n<p class=\"m_2865860705130944319x_MsoNormal\"><span lang=\"ES\">\u201cLos chilpancingue\u00f1os reclaman mano dura en el tema de la inseguridad, nadie le ha querido entrar; nosotros s\u00ed\u201d, destac\u00f3.<\/span><\/p>\n","protected":false},"excerpt":{"rendered":"<p>Mano dura contra la delincuencia, plantea Servando de Jes\u00fas Salgado La dirigencia estatal del Partido del Trabajo (PT) present\u00f3 al presidente del Consejo del Autotransporte, Servando de Jes\u00fas Salgado como&hellip; <\/p>\n","protected":false},"author":1,"featured_media":0,"comment_status":"closed","ping_status":"closed","sticky":false,"template":"","format":"standard","meta":{"fifu_image_url":"","fifu_image_alt":"","footnotes":""},"categories":[7,8,18],"tags":[],"class_list":["post-11194","post","type-post","status-publish","format-standard","hentry","category-elecciones-2018","category-featured","category-partidos-politicos"],"_links":{"self":[{"href":"https:\/\/www.interaccionnoticias.com.mx\/index.php?rest_route=\/wp\/v2\/posts\/11194","targetHints":{"allow":["GET"]}}],"collection":[{"href":"https:\/\/www.interaccionnoticias.com.mx\/index.php?rest_route=\/wp\/v2\/posts"}],"about":[{"href":"https:\/\/www.interaccionnoticias.com.mx\/index.php?rest_route=\/wp\/v2\/types\/post"}],"author":[{"embeddable":true,"href":"https:\/\/www.interaccionnoticias.com.mx\/index.php?rest_route=\/wp\/v2\/users\/1"}],"replies":[{"embeddable":true,"href":"https:\/\/www.interaccionnoticias.com.mx\/index.php?rest_route=%2Fwp%2Fv2%2Fcomments&post=11194"}],"version-history":[{"count":0,"href":"https:\/\/www.interaccionnoticias.com.mx\/index.php?rest_route=\/wp\/v2\/posts\/11194\/revisions"}],"wp:attachment":[{"href":"https:\/\/www.interaccionnoticias.com.mx\/index.php?rest_route=%2Fwp%2Fv2%2Fmedia&parent=11194"}],"wp:term":[{"taxonomy":"category","embeddable":true,"href":"https:\/\/www.interaccionnoticias.com.mx\/index.php?rest_route=%2Fwp%2Fv2%2Fcategories&post=11194"},{"taxonomy":"post_tag","embeddable":true,"href":"https:\/\/www.interaccionnoticias.com.mx\/index.php?rest_route=%2Fwp%2Fv2%2Ftags&post=11194"}],"curies":[{"name":"wp","href":"https:\/\/api.w.org\/{rel}","templated":true}]}}