{"id":11170,"date":"2018-01-06T12:54:58","date_gmt":"2018-01-06T18:54:58","guid":{"rendered":"http:\/\/www.inter-accion.com.mx\/?p=11170"},"modified":"2018-01-06T12:54:58","modified_gmt":"2018-01-06T18:54:58","slug":"se-perfila-lider-transportista-para-contender-por-la-alcaldia-de-chilpancingo","status":"publish","type":"post","link":"https:\/\/www.interaccionnoticias.com.mx\/?p=11170","title":{"rendered":"Se perfila l\u00edder transportista para contender por la alcald\u00eda de Chilpancingo"},"content":{"rendered":"<h3><strong>Servando de Jes\u00fas buscar\u00e1 ingresar por parte del PT a la Colaci\u00f3n MORENA-PES-PT<\/strong><\/h3>\n<p>Chilpancingo, Gro.- El presidente del Consejo del Autotransporte del municipio de Chilpancingo Servando de Jes\u00fas Salgado Guzm\u00e1n buscar\u00e1 perfilarse como candidato a la alcald\u00eda capitalina por el Partido del Trabajo (PT), el cual participar\u00e1 en colaci\u00f3n con los partidos de Encuentro Social (PES) y Movimiento Regeneraci\u00f3n Nacional (MORENA) en el proceso electoral de este 2018.<br \/>\nLa ma\u00f1ana de este s\u00e1bado en el municipio de Chilpancingo Salgado Guzm\u00e1n realiz\u00f3 una asamblea ciudadana en compa\u00f1\u00eda de l\u00edderes transportistas, donde se defini\u00f3 por votaci\u00f3n el partido pol\u00edtico que su \u201cProyecto Ciudadano\u201d respaldar\u00e1.<br \/>\nDentro del encuentro detall\u00f3 los puestos de elecci\u00f3n popular que ofrecieron al l\u00edder transportista cada uno de los partidos a cambio de su apoyo, luego de que celebrara reuniones con sus l\u00edderes estatales, el PRI le propuso esperar a que llegaran los tiempos para ofrecer una candidatura, por su parte el PRD le ofreci\u00f3 en primer momento participar por la diputaci\u00f3n federal por el Distrito Siete y el PAN la alcald\u00eda.<br \/>\nLuego de que se registrara ante el Instituto Electoral y de Participaci\u00f3n Ciudadana (IEPC) la coalici\u00f3n PRD-MC-PAN, la oferta cambio a tan solo un sindicatura, motivo por el cual la votaci\u00f3n de los lideres transportistas se inclin\u00f3 a la oferta del PT, que ofreci\u00f3 colocar a Servando de Jes\u00fas Salgado Guzm\u00e1n como candidato a la presidencia municipal de Chilpancingo, con una posible alianza con el MORENA y el PES.<\/p>\n","protected":false},"excerpt":{"rendered":"<p>Servando de Jes\u00fas buscar\u00e1 ingresar por parte del PT a la Colaci\u00f3n MORENA-PES-PT Chilpancingo, Gro.- El presidente del Consejo del Autotransporte del municipio de Chilpancingo Servando de Jes\u00fas Salgado Guzm\u00e1n&hellip; <\/p>\n","protected":false},"author":1,"featured_media":0,"comment_status":"closed","ping_status":"closed","sticky":false,"template":"","format":"standard","meta":{"fifu_image_url":"","fifu_image_alt":"","footnotes":""},"categories":[8,18],"tags":[],"class_list":["post-11170","post","type-post","status-publish","format-standard","hentry","category-featured","category-partidos-politicos"],"_links":{"self":[{"href":"https:\/\/www.interaccionnoticias.com.mx\/index.php?rest_route=\/wp\/v2\/posts\/11170","targetHints":{"allow":["GET"]}}],"collection":[{"href":"https:\/\/www.interaccionnoticias.com.mx\/index.php?rest_route=\/wp\/v2\/posts"}],"about":[{"href":"https:\/\/www.interaccionnoticias.com.mx\/index.php?rest_route=\/wp\/v2\/types\/post"}],"author":[{"embeddable":true,"href":"https:\/\/www.interaccionnoticias.com.mx\/index.php?rest_route=\/wp\/v2\/users\/1"}],"replies":[{"embeddable":true,"href":"https:\/\/www.interaccionnoticias.com.mx\/index.php?rest_route=%2Fwp%2Fv2%2Fcomments&post=11170"}],"version-history":[{"count":0,"href":"https:\/\/www.interaccionnoticias.com.mx\/index.php?rest_route=\/wp\/v2\/posts\/11170\/revisions"}],"wp:attachment":[{"href":"https:\/\/www.interaccionnoticias.com.mx\/index.php?rest_route=%2Fwp%2Fv2%2Fmedia&parent=11170"}],"wp:term":[{"taxonomy":"category","embeddable":true,"href":"https:\/\/www.interaccionnoticias.com.mx\/index.php?rest_route=%2Fwp%2Fv2%2Fcategories&post=11170"},{"taxonomy":"post_tag","embeddable":true,"href":"https:\/\/www.interaccionnoticias.com.mx\/index.php?rest_route=%2Fwp%2Fv2%2Ftags&post=11170"}],"curies":[{"name":"wp","href":"https:\/\/api.w.org\/{rel}","templated":true}]}}