{"id":11158,"date":"2018-01-05T17:17:01","date_gmt":"2018-01-05T23:17:01","guid":{"rendered":"http:\/\/www.inter-accion.com.mx\/?p=11158"},"modified":"2018-01-05T17:17:01","modified_gmt":"2018-01-05T23:17:01","slug":"chilpancingo-enfrenta-crisis-por-la-desaparicion-de-jovenes","status":"publish","type":"post","link":"https:\/\/www.interaccionnoticias.com.mx\/?p=11158","title":{"rendered":"Chilpancingo enfrenta crisis por la desaparici\u00f3n de j\u00f3venes"},"content":{"rendered":"<p><strong>Sepultan a dos que la polic\u00eda entreg\u00f3 al crimen&nbsp;&nbsp;<\/strong><br \/>\nEn medio de una crisis generada por la desaparici\u00f3n de siete j\u00f3venes en la ciudad, este viernes fueron sepultados los dos hombres por cuyos asesinatos se investiga a la Polic\u00eda Preventiva de Chilpancingo.<br \/>\nPor la ma\u00f1ana, familiares y amigos sepultaron a Jorge Arturo V\u00e1zquez Campos en el pante\u00f3n central, en medio de gritos con los que se reclam\u00f3 justicia y castigo para los responsables. &nbsp;&nbsp;<br \/>\nEntrada la tarde toc\u00f3 el turno al cortejo de Marco Catal\u00e1n Cabrera, el otro detenido por la polic\u00eda preventiva de Chilpancingo en la feria de Navidad y A\u00f1o Nuevo, para ser &nbsp;liberado la ma\u00f1ana del domingo 31 de diciembre, de acuerdo con la Fiscal\u00eda General del Estado (FGE), por un hombre llamado Milt\u00f3n \u201cN\u201d.&nbsp;<br \/>\nAmbos fueron tirados en las inmediaciones del tiradero de basura ubicado en Tierras Prietas, sus cuerpos estaban dentro de bolsas negras selladas con cinta industrial.<br \/>\nDe acuerdo con el profesor Pioquinto Dami\u00e1n Huato, ex dirigente de la C\u00e1mara Nacional de Comercio (Canaco), hay elementos para se\u00f1alar que Marco y Jorge Arturo fueron asesinados y sepultados clandestinamente por sus captores, que los sacaron para luego abandonarlos en un sitio en que ser\u00edan f\u00e1cilmente localizados.<br \/>\nEl ex dirigente de la C\u00e1mara Nacional de Comercio refiere que durante la \u00faltima semana de 2017 fueron desaparecidos siete hombres j\u00f3venes en la ciudad, dos de ellos son Marco y Jorge.<br \/>\nDe esa lista hay tres que fueron liberados en un predio ubicado en el lado sur de la ciudad, todos estaban desnudos y amarrados, el alcalde Jes\u00fas Tejeda Vargas declar\u00f3 que ten\u00edan causas penales en contra, pero no aport\u00f3 detalles sobre sus paraderos. &nbsp;<br \/>\nEl profesor Dami\u00e1n Huato sostiene que quedar\u00edan dos m\u00e1s por ser localizados, uno de ellos Efra\u00edn Patr\u00f3n, un muchacho de 24 a\u00f1os que la madrugada del 29 de diciembre se comunic\u00f3 con una amiga para informarle que estaba detenido por una patrulla de la Polic\u00eda Preventiva. &nbsp;<br \/>\nEn el caso de los dos asesinados, Dami\u00e1n asegura que existe material en el C-4 con el que se puede confirmar que la polic\u00eda municipal los entreg\u00f3 al crimen organizado, no que los liber\u00f3 un hombre que pag\u00f3 su multa, como lo inform\u00f3 el fiscal Javier Olea Pel\u00e1ez. &nbsp;<br \/>\nEl tambi\u00e9n empresario, manifest\u00f3 que Jorge Arturo era un hombre de trabajo que radicaba en Cuernavaca Morelos, quien pas\u00f3 el 24 de diciembre en Chilpancingo, regres\u00f3 a su tierra y volvi\u00f3 para el fin de a\u00f1o, aunque solo lo hizo para morir.<br \/>\nEntrevistado durante el sepelio, Pioquinto Dami\u00e1n Huato reconoci\u00f3 la val\u00eda de la acci\u00f3n emprendida por el Ej\u00e9rcito, la PF y la Polic\u00eda del Estado, pues ya se necesitaba frenar los excesos que comet\u00edan algunos elementos de la preventiva.<br \/>\n\u201cA estos muchachos los mataron con las armas, los veh\u00edculos y el equipo que pagamos con nuestros impuestos, ya es necesario sacudir a los malos elementos\u201d, apunt\u00f3.<br \/>\n&nbsp; &nbsp; &nbsp; &nbsp; &nbsp;<br \/>\nS\u00ed hay denuncias<br \/>\nEl vocero del Grupo de Coordinaci\u00f3n Guerrero (GCG), Roberto Alvarez Heredia confirm\u00f3 que hay denuncias presentadas ante la FGE por la desaparici\u00f3n de j\u00f3venes, aunque declin\u00f3 en dar a conocer el n\u00famero.<br \/>\n\u201cTenemos conocimiento de que existen familias que exigen la presentaci\u00f3n con vida de sus hijos\u201d, anot\u00f3.<br \/>\nDe hecho, indic\u00f3 que sobre el tema ya se han realizado reuniones con el secretario de Seguridad P\u00fablica (SSP), Pedro Almaz\u00e1n Cervantes y las familias afectadas, aunque no habl\u00f3 sobre los resultados de dichos encuentros.<\/p>\n","protected":false},"excerpt":{"rendered":"<p>Sepultan a dos que la polic\u00eda entreg\u00f3 al crimen&nbsp;&nbsp; En medio de una crisis generada por la desaparici\u00f3n de siete j\u00f3venes en la ciudad, este viernes fueron sepultados los dos&hellip; <\/p>\n","protected":false},"author":1,"featured_media":0,"comment_status":"closed","ping_status":"closed","sticky":false,"template":"","format":"standard","meta":{"fifu_image_url":"","fifu_image_alt":"","footnotes":""},"categories":[13,8],"tags":[],"class_list":["post-11158","post","type-post","status-publish","format-standard","hentry","category-capital","category-featured"],"_links":{"self":[{"href":"https:\/\/www.interaccionnoticias.com.mx\/index.php?rest_route=\/wp\/v2\/posts\/11158","targetHints":{"allow":["GET"]}}],"collection":[{"href":"https:\/\/www.interaccionnoticias.com.mx\/index.php?rest_route=\/wp\/v2\/posts"}],"about":[{"href":"https:\/\/www.interaccionnoticias.com.mx\/index.php?rest_route=\/wp\/v2\/types\/post"}],"author":[{"embeddable":true,"href":"https:\/\/www.interaccionnoticias.com.mx\/index.php?rest_route=\/wp\/v2\/users\/1"}],"replies":[{"embeddable":true,"href":"https:\/\/www.interaccionnoticias.com.mx\/index.php?rest_route=%2Fwp%2Fv2%2Fcomments&post=11158"}],"version-history":[{"count":0,"href":"https:\/\/www.interaccionnoticias.com.mx\/index.php?rest_route=\/wp\/v2\/posts\/11158\/revisions"}],"wp:attachment":[{"href":"https:\/\/www.interaccionnoticias.com.mx\/index.php?rest_route=%2Fwp%2Fv2%2Fmedia&parent=11158"}],"wp:term":[{"taxonomy":"category","embeddable":true,"href":"https:\/\/www.interaccionnoticias.com.mx\/index.php?rest_route=%2Fwp%2Fv2%2Fcategories&post=11158"},{"taxonomy":"post_tag","embeddable":true,"href":"https:\/\/www.interaccionnoticias.com.mx\/index.php?rest_route=%2Fwp%2Fv2%2Ftags&post=11158"}],"curies":[{"name":"wp","href":"https:\/\/api.w.org\/{rel}","templated":true}]}}