{"id":11155,"date":"2018-01-05T15:05:48","date_gmt":"2018-01-05T21:05:48","guid":{"rendered":"http:\/\/www.inter-accion.com.mx\/?p=11155"},"modified":"2018-01-05T15:05:48","modified_gmt":"2018-01-05T21:05:48","slug":"debemos-protegernos-nosotros-mismos-aseguran-familiares-de-joven-asesinado-en-chilpancingo","status":"publish","type":"post","link":"https:\/\/www.interaccionnoticias.com.mx\/?p=11155","title":{"rendered":"Debemos protegernos nosotros mismos aseguran familiares de joven asesinado en Chilpancingo"},"content":{"rendered":"<p>Despiden familiares y amigos a Jorge Arturo V\u00e1zquez Campo<br \/>\nChilpancingo, Gro.- Con gritos de \u201cJusticia\u201d familiares y amigos de Jorge Arturo V\u00e1zquez Campos dieron el \u00faltimo adi\u00f3s en el pante\u00f3n central del municipio de Chilpancingo, al joven que fue reportado como desaparecido desde el pasado 31 de diciembre del 2017, y posteriormente localizado sin vida hace dos d\u00edas en la zona norte de la capital del estado junto al cuerpo de&nbsp;Marco Catal\u00e1n Cabrera.<br \/>\nPasado el mediod\u00eda de este viernes la caravana f\u00fanebre del joven guerrerense lleg\u00f3 hasta las instalaciones de pante\u00f3n municipal, donde se ofici\u00f3 una misa de cuerpo presente en su honor, algunos de los presentes acudieron con rosas blancas en las manos, la mayor\u00eda de ellos vest\u00eda de color negro.<br \/>\nAntes de ser sepultado su madre realiz\u00f3 un llamado, para exigir justicia por el cruel asesinato de su hijo y de muchos j\u00f3venes m\u00e1s que al igual que \u00e9l, se convirtieron en victimas cuando salieron de sus hogares, por lo que lanz\u00f3 un llamado a la sociedad de Chilpancingo para formar una \u201cCadena de protecci\u00f3n ciudadana\u201d con la que se pueda brindar seguridad a todas las familias del municipio, sin depender de las fuerzas de seguridad municipales o estatales.<br \/>\n\u201cNo es justo yo exijo justicia para mi hijo y&nbsp; todo los j\u00f3venes que as\u00ed como el murieron de esta manera, murieron tan cruelmente como yo les dec\u00eda, no se vale estamos viviendo tiempos dif\u00edciles, yo lo s\u00e9 y lo sab\u00edamos c\u00f3mo toda la sociedad lo sabe, No se vale que no hagamos nada como sociedad, no se vale que los padres sigamos creyendo que nuestros hijos van a regresar, sin advertirles el peligro, por favor luchemos &nbsp;hagamos todos una cadena para protegernos a nosotros mismos y nuestros hijos\u201d expres\u00f3.<br \/>\nDentro del mansaje de despedida los familiares y amigos de Jorge Arturo lo definieron como un joven trabajador con un negocio propio, con un hijo peque\u00f1o y una esposa que hoy lloran su p\u00e9rdida ante los lamentables hechos ocurridos en d\u00edas pasados, que le arrebataron la vida.<br \/>\nHasta la fecha se tiene registro de al menos 5 j\u00f3venes m\u00e1s que se encuentran en calidad de desaparecidos en la capital, motivo por el cual se investiga a la polic\u00eda municipal ya que en varios casos las v\u00edctimas fueron detenidas previamente por los uniformados.<\/p>\n","protected":false},"excerpt":{"rendered":"<p>Despiden familiares y amigos a Jorge Arturo V\u00e1zquez Campo Chilpancingo, Gro.- Con gritos de \u201cJusticia\u201d familiares y amigos de Jorge Arturo V\u00e1zquez Campos dieron el \u00faltimo adi\u00f3s en el pante\u00f3n&hellip; <\/p>\n","protected":false},"author":1,"featured_media":0,"comment_status":"closed","ping_status":"closed","sticky":false,"template":"","format":"standard","meta":{"fifu_image_url":"","fifu_image_alt":"","footnotes":""},"categories":[13,8],"tags":[],"class_list":["post-11155","post","type-post","status-publish","format-standard","hentry","category-capital","category-featured"],"_links":{"self":[{"href":"https:\/\/www.interaccionnoticias.com.mx\/index.php?rest_route=\/wp\/v2\/posts\/11155","targetHints":{"allow":["GET"]}}],"collection":[{"href":"https:\/\/www.interaccionnoticias.com.mx\/index.php?rest_route=\/wp\/v2\/posts"}],"about":[{"href":"https:\/\/www.interaccionnoticias.com.mx\/index.php?rest_route=\/wp\/v2\/types\/post"}],"author":[{"embeddable":true,"href":"https:\/\/www.interaccionnoticias.com.mx\/index.php?rest_route=\/wp\/v2\/users\/1"}],"replies":[{"embeddable":true,"href":"https:\/\/www.interaccionnoticias.com.mx\/index.php?rest_route=%2Fwp%2Fv2%2Fcomments&post=11155"}],"version-history":[{"count":0,"href":"https:\/\/www.interaccionnoticias.com.mx\/index.php?rest_route=\/wp\/v2\/posts\/11155\/revisions"}],"wp:attachment":[{"href":"https:\/\/www.interaccionnoticias.com.mx\/index.php?rest_route=%2Fwp%2Fv2%2Fmedia&parent=11155"}],"wp:term":[{"taxonomy":"category","embeddable":true,"href":"https:\/\/www.interaccionnoticias.com.mx\/index.php?rest_route=%2Fwp%2Fv2%2Fcategories&post=11155"},{"taxonomy":"post_tag","embeddable":true,"href":"https:\/\/www.interaccionnoticias.com.mx\/index.php?rest_route=%2Fwp%2Fv2%2Ftags&post=11155"}],"curies":[{"name":"wp","href":"https:\/\/api.w.org\/{rel}","templated":true}]}}