{"id":11134,"date":"2018-01-04T18:03:21","date_gmt":"2018-01-05T00:03:21","guid":{"rendered":"http:\/\/www.inter-accion.com.mx\/?p=11134"},"modified":"2018-01-04T18:03:21","modified_gmt":"2018-01-05T00:03:21","slug":"ejercito-y-policia-federal-pf-toman-cuartel-de-la-policia-de-chilpancingo","status":"publish","type":"post","link":"https:\/\/www.interaccionnoticias.com.mx\/?p=11134","title":{"rendered":"Ej\u00e9rcito y Polic\u00eda Federal (PF) toman cuartel de la Polic\u00eda de Chilpancingo"},"content":{"rendered":"<p><strong><img loading=\"lazy\" decoding=\"async\" src=\"data:image\/gif;base64,R0lGODlhAQABAIAAAAAAAP\/\/\/ywAAAAAAQABAAACAUwAOw==\" fifu-lazy=\"1\" fifu-data-sizes=\"auto\" fifu-data-srcset=\"https:\/\/i1.wp.com\/www.inter-accion.com.mx\/wp-content\/uploads\/2018\/01\/26543732_10215178622481430_1800107458_o.jpg?ssl=1&w=75&resize=75&ssl=1 75w, https:\/\/i1.wp.com\/www.inter-accion.com.mx\/wp-content\/uploads\/2018\/01\/26543732_10215178622481430_1800107458_o.jpg?ssl=1&w=100&resize=100&ssl=1 100w, https:\/\/i1.wp.com\/www.inter-accion.com.mx\/wp-content\/uploads\/2018\/01\/26543732_10215178622481430_1800107458_o.jpg?ssl=1&w=150&resize=150&ssl=1 150w, https:\/\/i1.wp.com\/www.inter-accion.com.mx\/wp-content\/uploads\/2018\/01\/26543732_10215178622481430_1800107458_o.jpg?ssl=1&w=240&resize=240&ssl=1 240w, https:\/\/i1.wp.com\/www.inter-accion.com.mx\/wp-content\/uploads\/2018\/01\/26543732_10215178622481430_1800107458_o.jpg?ssl=1&w=320&resize=320&ssl=1 320w, https:\/\/i1.wp.com\/www.inter-accion.com.mx\/wp-content\/uploads\/2018\/01\/26543732_10215178622481430_1800107458_o.jpg?ssl=1&w=500&resize=500&ssl=1 500w, https:\/\/i1.wp.com\/www.inter-accion.com.mx\/wp-content\/uploads\/2018\/01\/26543732_10215178622481430_1800107458_o.jpg?ssl=1&w=640&resize=640&ssl=1 640w, https:\/\/i1.wp.com\/www.inter-accion.com.mx\/wp-content\/uploads\/2018\/01\/26543732_10215178622481430_1800107458_o.jpg?ssl=1&w=800&resize=800&ssl=1 800w, https:\/\/i1.wp.com\/www.inter-accion.com.mx\/wp-content\/uploads\/2018\/01\/26543732_10215178622481430_1800107458_o.jpg?ssl=1&w=1024&resize=1024&ssl=1 1024w, https:\/\/i1.wp.com\/www.inter-accion.com.mx\/wp-content\/uploads\/2018\/01\/26543732_10215178622481430_1800107458_o.jpg?ssl=1&w=1280&resize=1280&ssl=1 1280w, https:\/\/i1.wp.com\/www.inter-accion.com.mx\/wp-content\/uploads\/2018\/01\/26543732_10215178622481430_1800107458_o.jpg?ssl=1&w=1600&resize=1600&ssl=1 1600w\" class=\"alignnone size-full wp-image-11136\" fifu-data-src=\"https:\/\/i1.wp.com\/www.inter-accion.com.mx\/wp-content\/uploads\/2018\/01\/26543732_10215178622481430_1800107458_o.jpg?ssl=1\" alt=\"\" width=\"1280\" height=\"720\">Es probable el desarme de los elementos<\/strong><br \/>\nLa Polic\u00eda Federal (PF) y personal del Ej\u00e9rcito Mexicano tomaron las instalaciones del cuartel de la Polic\u00eda Preventiva de Chilpancingo, a pocas horas de que dos j\u00f3venes que fueron detenidos por dicha corporaci\u00f3n aparecieran sin vida en el basurero de la ciudad.<br \/>\nLos cuerpos de seguridad federales llegaron a las instalaciones de la Secretar\u00eda de Seguridad P\u00fablica Municipal (SSPM) poco despu\u00e9s de las 17:00 horas y asumieron el control del lugar.<br \/>\nSe esperaba que de manera simult\u00e1nea, el titular de la Fiscal\u00eda General del Estado (FGE), Javier Olea Pel\u00e1ez y el secretario de Seguridad P\u00fablica (SSP) dar\u00edan un mensaje a los medios de comunicaci\u00f3n, al parecer relacionada con el hecho.<br \/>\nPero mientras el control de la PF y del Ej\u00e9rcito se afianzaba, la conferencia del fiscal y del secretario de Seguridad P\u00fablica se demoraba sin explicaci\u00f3n aparente.<br \/>\nAntes de las 18:00 horas, familiares del joven Efra\u00edn Patr\u00f3n, quien est\u00e1 desaparecido desde la madrugada del 29 de diciembre llegaron a las inmediaciones del cuartel de la polic\u00eda municipal, para exigir su presentaci\u00f3n con vida.<\/p>\n","protected":false},"excerpt":{"rendered":"<p>Es probable el desarme de los elementos La Polic\u00eda Federal (PF) y personal del Ej\u00e9rcito Mexicano tomaron las instalaciones del cuartel de la Polic\u00eda Preventiva de Chilpancingo, a pocas horas&hellip; <\/p>\n","protected":false},"author":1,"featured_media":0,"comment_status":"closed","ping_status":"closed","sticky":false,"template":"","format":"standard","meta":{"fifu_image_url":"","fifu_image_alt":"","footnotes":""},"categories":[8,27],"tags":[],"class_list":["post-11134","post","type-post","status-publish","format-standard","hentry","category-featured","category-seguridad-publica"],"_links":{"self":[{"href":"https:\/\/www.interaccionnoticias.com.mx\/index.php?rest_route=\/wp\/v2\/posts\/11134","targetHints":{"allow":["GET"]}}],"collection":[{"href":"https:\/\/www.interaccionnoticias.com.mx\/index.php?rest_route=\/wp\/v2\/posts"}],"about":[{"href":"https:\/\/www.interaccionnoticias.com.mx\/index.php?rest_route=\/wp\/v2\/types\/post"}],"author":[{"embeddable":true,"href":"https:\/\/www.interaccionnoticias.com.mx\/index.php?rest_route=\/wp\/v2\/users\/1"}],"replies":[{"embeddable":true,"href":"https:\/\/www.interaccionnoticias.com.mx\/index.php?rest_route=%2Fwp%2Fv2%2Fcomments&post=11134"}],"version-history":[{"count":0,"href":"https:\/\/www.interaccionnoticias.com.mx\/index.php?rest_route=\/wp\/v2\/posts\/11134\/revisions"}],"wp:attachment":[{"href":"https:\/\/www.interaccionnoticias.com.mx\/index.php?rest_route=%2Fwp%2Fv2%2Fmedia&parent=11134"}],"wp:term":[{"taxonomy":"category","embeddable":true,"href":"https:\/\/www.interaccionnoticias.com.mx\/index.php?rest_route=%2Fwp%2Fv2%2Fcategories&post=11134"},{"taxonomy":"post_tag","embeddable":true,"href":"https:\/\/www.interaccionnoticias.com.mx\/index.php?rest_route=%2Fwp%2Fv2%2Ftags&post=11134"}],"curies":[{"name":"wp","href":"https:\/\/api.w.org\/{rel}","templated":true}]}}