{"id":11123,"date":"2018-01-04T10:26:09","date_gmt":"2018-01-04T16:26:09","guid":{"rendered":"http:\/\/www.inter-accion.com.mx\/?p=11123"},"modified":"2018-01-04T10:26:09","modified_gmt":"2018-01-04T16:26:09","slug":"desmembrados-encuentran-a-dos-jovenes-reportados-como-desaparecidos-en-chilpancingo","status":"publish","type":"post","link":"https:\/\/www.interaccionnoticias.com.mx\/?p=11123","title":{"rendered":"Embolsados, encuentran a dos j\u00f3venes reportados como desaparecidos en Chilpancingo"},"content":{"rendered":"<h3 style=\"font-weight: 400;\"><strong>Convocan a marcha para localizar a un joven que no aparece desde el 29 de diciembre<\/strong><\/h3>\n<p style=\"font-weight: 400;\">La polic\u00eda confirm\u00f3 el hallazgo de dos j\u00f3venes que estaban reportados como desaparecidos desde el 30 de diciembre de 2017, ambos estaban relacionados con la actividad empresarial en la ciudad.<\/p>\n<p style=\"font-weight: 400;\">El primer caso denunciado por la familia afectada fue el de Marco Catal\u00e1n Cabrera, de 34 a\u00f1os y radicado en Chilpancingo desde su infancia, la \u00faltima vez que se le mir\u00f3 fue en las instalaciones de la feria de San Mateo, Navidad y A\u00f1o Nuevo.<\/p>\n<p style=\"font-weight: 400;\">El segundo caso corresponde a Jorge Arturo V\u00e1zquez Campos, cuya desaparici\u00f3n se report\u00f3 el 31 de diciembre y por quien se convoc\u00f3 a una marcha que estaba convocada para las 17:00 horas de este jueves 4 de enero.<\/p>\n<p style=\"font-weight: 400;\">La media noche del mi\u00e9rcoles 3, la polic\u00eda fue alertada sobre la ubicaci\u00f3n de tres bolsas negras, al parecer con restos humanos en un tiradero de basura ubicado en el punto conocido como Tierras Prietas, en la parte norte de la ciudad.<\/p>\n<p style=\"font-weight: 400;\">De primera instancia, personal del Servicio M\u00e9dico Forense (Semefo) realiz\u00f3 el levantamiento de las bolsas y confirm\u00f3 que se trataba de dos cuerpos de hombre.<\/p>\n<p style=\"font-weight: 400;\">En el transcurso de la madrugada se confirm\u00f3 que las v\u00edctimas eran los j\u00f3venes que se encontraban reportados como desaparecidos.<\/p>\n<p style=\"font-weight: 400;\">Ambos cr\u00edmenes generaron conmoci\u00f3n en la poblaci\u00f3n de Chilpancingo, por tratarse de j\u00f3venes de los que no se tienen antecedentes sobre alguna conducta irregular.<\/p>\n<p style=\"font-weight: 400;\">Para este jueves persiste una invitaci\u00f3n a la sociedad, con la intenci\u00f3n de reclamar con una marcha la presentaci\u00f3n con vida del joven Efra\u00edn Patr\u00f3n Ramos, de 24 a\u00f1os.<\/p>\n<p style=\"font-weight: 400;\">Efra\u00edn no ha sido localizado desde la madrugada del 29 de diciembre pasado, la \u00faltima vez que se le mir\u00f3 fue en la alameda Granados Maldonado.<\/p>\n","protected":false},"excerpt":{"rendered":"<p>Convocan a marcha para localizar a un joven que no aparece desde el 29 de diciembre La polic\u00eda confirm\u00f3 el hallazgo de dos j\u00f3venes que estaban reportados como desaparecidos desde&hellip; <\/p>\n","protected":false},"author":1,"featured_media":0,"comment_status":"closed","ping_status":"closed","sticky":false,"template":"","format":"standard","meta":{"fifu_image_url":"","fifu_image_alt":"","footnotes":""},"categories":[8,27],"tags":[],"class_list":["post-11123","post","type-post","status-publish","format-standard","hentry","category-featured","category-seguridad-publica"],"_links":{"self":[{"href":"https:\/\/www.interaccionnoticias.com.mx\/index.php?rest_route=\/wp\/v2\/posts\/11123","targetHints":{"allow":["GET"]}}],"collection":[{"href":"https:\/\/www.interaccionnoticias.com.mx\/index.php?rest_route=\/wp\/v2\/posts"}],"about":[{"href":"https:\/\/www.interaccionnoticias.com.mx\/index.php?rest_route=\/wp\/v2\/types\/post"}],"author":[{"embeddable":true,"href":"https:\/\/www.interaccionnoticias.com.mx\/index.php?rest_route=\/wp\/v2\/users\/1"}],"replies":[{"embeddable":true,"href":"https:\/\/www.interaccionnoticias.com.mx\/index.php?rest_route=%2Fwp%2Fv2%2Fcomments&post=11123"}],"version-history":[{"count":0,"href":"https:\/\/www.interaccionnoticias.com.mx\/index.php?rest_route=\/wp\/v2\/posts\/11123\/revisions"}],"wp:attachment":[{"href":"https:\/\/www.interaccionnoticias.com.mx\/index.php?rest_route=%2Fwp%2Fv2%2Fmedia&parent=11123"}],"wp:term":[{"taxonomy":"category","embeddable":true,"href":"https:\/\/www.interaccionnoticias.com.mx\/index.php?rest_route=%2Fwp%2Fv2%2Fcategories&post=11123"},{"taxonomy":"post_tag","embeddable":true,"href":"https:\/\/www.interaccionnoticias.com.mx\/index.php?rest_route=%2Fwp%2Fv2%2Ftags&post=11123"}],"curies":[{"name":"wp","href":"https:\/\/api.w.org\/{rel}","templated":true}]}}