{"id":11117,"date":"2018-01-03T19:17:43","date_gmt":"2018-01-04T01:17:43","guid":{"rendered":"http:\/\/www.inter-accion.com.mx\/?p=11117"},"modified":"2018-01-03T19:17:43","modified_gmt":"2018-01-04T01:17:43","slug":"tres-coaliciones-disputaran-el-congreso-local-y-81-alcaldias-de-guerrero","status":"publish","type":"post","link":"https:\/\/www.interaccionnoticias.com.mx\/?p=11117","title":{"rendered":"Tres coaliciones disputar\u00e1n el Congreso local y 81 alcald\u00edas de Guerrero"},"content":{"rendered":"<p class=\"m_8822282058476206290x_MsoListParagraph\"><strong><span lang=\"ES\">Van encabezadas por PRI, PRD y Morena&nbsp;&nbsp;&nbsp;<\/span><\/strong><\/p>\n<p class=\"m_8822282058476206290x_MsoNormal\"><span lang=\"ES\">Los tres coaliciones que disputar\u00e1n el Congreso local y las 81 alcald\u00edas del estado de Guerrero solicitaron formalmente su registro ante el Instituto Electoral de Participaci\u00f3n Ciudadana (IEPC), que en un t\u00e9rmino de diez d\u00edas habr\u00e1 de dictaminar si validan o no dichos registros.<\/span><\/p>\n<p class=\"m_8822282058476206290x_MsoNormal\"><span lang=\"ES\">La primer solicitud que recibi\u00f3 el IEPC durante la ma\u00f1ana del martes 3 de enero fue la del PRI y PVEM, que integran la coalici\u00f3n Transformando Guerrero, en la que el PRI encabezar\u00e1 22 y el Partido Verde seis de las diputaciones de mayor\u00eda que estar\u00e1n en juego.<\/span><\/p>\n<p class=\"m_8822282058476206290x_MsoNormal\"><span lang=\"ES\">En una breve intervenci\u00f3n ante los integrantes del \u00f3rgano electoral, el dirigente estatal del tricolor, Heriberto Huicochea V\u00e1zquez sostuvo que como partido en el poder, el compromiso es promover que haya un proceso electoral con gobernabilidad y armon\u00eda.<\/span><\/p>\n<p class=\"m_8822282058476206290x_MsoNormal\"><span lang=\"ES\">El dirigente del PVEM, Arturo Alvarez Angly consider\u00f3 importante vigilar que el IEPC tenga todas las condiciones para llevar el proceso a buen puerto, con la intenci\u00f3n de que al t\u00e9rmino de la contienda, independientemente del resultado sea un \u00f3rgano colegiado fortalecido.<\/span><\/p>\n<p class=\"m_8822282058476206290x_MsoNormal\"><span lang=\"ES\">Pasado el mediod\u00eda acudieron al \u00f3rgano electoral los representantes del Movimiento de Regeneraci\u00f3n Nacional (Morena), del Partido del Trabajo (PT) y de Encuentro Social (PES), para solicitar formalmente el registro de la coalici\u00f3n Juntos Haremos Historia.<\/span><\/p>\n<p class=\"m_8822282058476206290x_MsoNormal\"><span lang=\"ES\">La coalici\u00f3n contender\u00e1 junta en 26 de los 28 distritos electorales locales, pues dejaron fuera del convenio el 17 correspondiente a Coyuca de Catal\u00e1n, en la Tierra Caliente y el 19 con cabecera en Eduardo Neri, en la regi\u00f3n Centro de la entidad.<\/span><\/p>\n<p class=\"m_8822282058476206290x_MsoNormal\"><span lang=\"ES\">Tambi\u00e9n quedaron fuera del convenio los municipios de Quechultenango y Cahuayutla, el primer municipio ubicado en la regi\u00f3n Centro y el segundo en la Costa Grande, en el l\u00edmite con el estado de Michoac\u00e1n.<\/span><\/p>\n<p class=\"m_8822282058476206290x_MsoNormal\"><span lang=\"ES\">Durante la entrega de los documentos, la representaci\u00f3n de Morena destac\u00f3 que con la alianza pactada con el PES y el PT, queda claro que MORENA es un partido maduro que sabe dialogar y aterrizar acuerdos, que no mantiene una actitud intransigente, como lo sostiene la dirigencia del PRD.<\/span><\/p>\n<p class=\"m_8822282058476206290x_MsoNormal\"><span lang=\"ES\">\u201cNosotros no somos talibanes, como lo quieren hacer ver los amarillos (en referencia al PRD), vamos en una alianza con dos partidos importantes, con quienes en estas elecciones habremos de hacer la diferencia\u201d, refiri\u00f3 Sergio Montes Carrillo, representante de Morena ante el IPEC.<\/span><\/p>\n<p class=\"m_8822282058476206290x_MsoNormal\"><span lang=\"ES\">En el cierre de la firma, se anunci\u00f3 que Morena no realizar\u00e1 precampa\u00f1as, pues sus candidatos a diputados locales y alcaldes ser\u00e1n producto de asambleas.<\/span><\/p>\n<p class=\"m_8822282058476206290x_MsoNormal\"><span lang=\"ES\">La coalici\u00f3n integrada por el PRD, MC y PAN se registrar\u00eda entrada la noche del mismo 3 de enero.<\/span><\/p>\n","protected":false},"excerpt":{"rendered":"<p>Van encabezadas por PRI, PRD y Morena&nbsp;&nbsp;&nbsp; Los tres coaliciones que disputar\u00e1n el Congreso local y las 81 alcald\u00edas del estado de Guerrero solicitaron formalmente su registro ante el Instituto&hellip; <\/p>\n","protected":false},"author":1,"featured_media":0,"comment_status":"closed","ping_status":"closed","sticky":false,"template":"","format":"standard","meta":{"fifu_image_url":"","fifu_image_alt":"","footnotes":""},"categories":[8,18],"tags":[],"class_list":["post-11117","post","type-post","status-publish","format-standard","hentry","category-featured","category-partidos-politicos"],"_links":{"self":[{"href":"https:\/\/www.interaccionnoticias.com.mx\/index.php?rest_route=\/wp\/v2\/posts\/11117","targetHints":{"allow":["GET"]}}],"collection":[{"href":"https:\/\/www.interaccionnoticias.com.mx\/index.php?rest_route=\/wp\/v2\/posts"}],"about":[{"href":"https:\/\/www.interaccionnoticias.com.mx\/index.php?rest_route=\/wp\/v2\/types\/post"}],"author":[{"embeddable":true,"href":"https:\/\/www.interaccionnoticias.com.mx\/index.php?rest_route=\/wp\/v2\/users\/1"}],"replies":[{"embeddable":true,"href":"https:\/\/www.interaccionnoticias.com.mx\/index.php?rest_route=%2Fwp%2Fv2%2Fcomments&post=11117"}],"version-history":[{"count":0,"href":"https:\/\/www.interaccionnoticias.com.mx\/index.php?rest_route=\/wp\/v2\/posts\/11117\/revisions"}],"wp:attachment":[{"href":"https:\/\/www.interaccionnoticias.com.mx\/index.php?rest_route=%2Fwp%2Fv2%2Fmedia&parent=11117"}],"wp:term":[{"taxonomy":"category","embeddable":true,"href":"https:\/\/www.interaccionnoticias.com.mx\/index.php?rest_route=%2Fwp%2Fv2%2Fcategories&post=11117"},{"taxonomy":"post_tag","embeddable":true,"href":"https:\/\/www.interaccionnoticias.com.mx\/index.php?rest_route=%2Fwp%2Fv2%2Ftags&post=11117"}],"curies":[{"name":"wp","href":"https:\/\/api.w.org\/{rel}","templated":true}]}}