{"id":11101,"date":"2018-01-03T11:25:02","date_gmt":"2018-01-03T17:25:02","guid":{"rendered":"http:\/\/www.inter-accion.com.mx\/?p=11101"},"modified":"2018-01-03T11:25:02","modified_gmt":"2018-01-03T17:25:02","slug":"encuentran-embolsado-al-primer-ejecutado-de-2018-en-chilpancingo","status":"publish","type":"post","link":"https:\/\/www.interaccionnoticias.com.mx\/?p=11101","title":{"rendered":"Encuentran embolsado al primer ejecutado de 2018 en Chilpancingo"},"content":{"rendered":"<p style=\"font-weight: 400;\">La polic\u00eda preventiva de Chilpancingo confirm\u00f3 el hallazgo de un cad\u00e1ver envuelto en bolsas de pl\u00e1stico color negro a espaldas del Pante\u00f3n Central, en la colonia Progreso.<\/p>\n<p style=\"font-weight: 400;\">Alrededor de las 07:00 horas, vecinos de dicho asentamiento humano alertaron a la polic\u00eda sobre la presencia de un bulto tirado sobre la v\u00eda p\u00fablica, cerca de la barda que resguarda el antiguo pante\u00f3n de la ciudad.<\/p>\n<p style=\"font-weight: 400;\">Personal de Seguridad P\u00fablica Municipal (SSPM) confirm\u00f3 que se trataba de un cad\u00e1ver envuelto el bolsas negras, las cuales fueron selladas con cinta canela.<\/p>\n<p style=\"font-weight: 400;\">El hallazgo motiv\u00f3 un reporte hacia personal del Servicio M\u00e9dico Forense (Semefo), que llegaron hacia dicho lugar para realizar el levantamiento cadav\u00e9rico.<\/p>\n<p style=\"font-weight: 400;\">El cad\u00e1ver encontrado este mi\u00e9rcoles 3 de enero corresponde a la primer persona ejecutada en lo que va de 2018 en la capital de Guerrero.<\/p>\n","protected":false},"excerpt":{"rendered":"<p>La polic\u00eda preventiva de Chilpancingo confirm\u00f3 el hallazgo de un cad\u00e1ver envuelto en bolsas de pl\u00e1stico color negro a espaldas del Pante\u00f3n Central, en la colonia Progreso. Alrededor de las&hellip; <\/p>\n","protected":false},"author":1,"featured_media":0,"comment_status":"closed","ping_status":"closed","sticky":false,"template":"","format":"standard","meta":{"fifu_image_url":"","fifu_image_alt":"","footnotes":""},"categories":[8,27],"tags":[],"class_list":["post-11101","post","type-post","status-publish","format-standard","hentry","category-featured","category-seguridad-publica"],"_links":{"self":[{"href":"https:\/\/www.interaccionnoticias.com.mx\/index.php?rest_route=\/wp\/v2\/posts\/11101","targetHints":{"allow":["GET"]}}],"collection":[{"href":"https:\/\/www.interaccionnoticias.com.mx\/index.php?rest_route=\/wp\/v2\/posts"}],"about":[{"href":"https:\/\/www.interaccionnoticias.com.mx\/index.php?rest_route=\/wp\/v2\/types\/post"}],"author":[{"embeddable":true,"href":"https:\/\/www.interaccionnoticias.com.mx\/index.php?rest_route=\/wp\/v2\/users\/1"}],"replies":[{"embeddable":true,"href":"https:\/\/www.interaccionnoticias.com.mx\/index.php?rest_route=%2Fwp%2Fv2%2Fcomments&post=11101"}],"version-history":[{"count":0,"href":"https:\/\/www.interaccionnoticias.com.mx\/index.php?rest_route=\/wp\/v2\/posts\/11101\/revisions"}],"wp:attachment":[{"href":"https:\/\/www.interaccionnoticias.com.mx\/index.php?rest_route=%2Fwp%2Fv2%2Fmedia&parent=11101"}],"wp:term":[{"taxonomy":"category","embeddable":true,"href":"https:\/\/www.interaccionnoticias.com.mx\/index.php?rest_route=%2Fwp%2Fv2%2Fcategories&post=11101"},{"taxonomy":"post_tag","embeddable":true,"href":"https:\/\/www.interaccionnoticias.com.mx\/index.php?rest_route=%2Fwp%2Fv2%2Ftags&post=11101"}],"curies":[{"name":"wp","href":"https:\/\/api.w.org\/{rel}","templated":true}]}}