{"id":11077,"date":"2017-12-30T16:55:03","date_gmt":"2017-12-30T22:55:03","guid":{"rendered":"http:\/\/www.inter-accion.com.mx\/?p=11077"},"modified":"2017-12-30T16:55:03","modified_gmt":"2017-12-30T22:55:03","slug":"asamblea-del-pri-guerrero-guarda-un-minuto-de-silencio-en-memoria-de-alcalde-perredista-asesinado","status":"publish","type":"post","link":"https:\/\/www.interaccionnoticias.com.mx\/?p=11077","title":{"rendered":"Asamblea del PRI-Guerrero guarda un minuto de silencio en memoria de alcalde perredista asesinado"},"content":{"rendered":"<p>Era un hombre con fuerza pol\u00edtica, reconoce el gobernador<br \/>\nLa Comisi\u00f3n Pol\u00edtica Permanente del PRI guard\u00f3 un minuto de silencio en memoria del Arturo G\u00f3mez P\u00e9rez, alcalde perredista de Petatl\u00e1n, quien fue asesinado a balazos la noche del jueves 28 de diciembre, en la Costa Grande de Guerrero.<br \/>\nLa CPP del partido tricolor se reuni\u00f3 la ma\u00f1ana del s\u00e1bado 30 en Chilpancingo, para aprobar la coalici\u00f3n con el PVEM en el estado de Guerrero y ratificar el acercamiento que hay a nivel nacional con el Partido Nueva Alianza (Panal).<br \/>\nEn dicho encuentro de la c\u00fapula tricolor, el gobernador H\u00e9ctor Astudillo Flores lament\u00f3 los hechos de violencia que se han registrado en la entidad durante los \u00faltimos d\u00edas, particularmente por el asesinato del primer edil de Petatl\u00e1n.<br \/>\nSobre ese caso en particular, el gobernador record\u00f3 que G\u00f3mez P\u00e9rez antes de sumarse al PRD fue militante del PRI, de tal suerte que en 2011 fue presidente del Comit\u00e9 Municipal en Petatl\u00e1n, dejando siempre a salvo una buena relaci\u00f3n con sus ex compa\u00f1eros de partido.<br \/>\n\u201cSiempre, a\u00fan no siendo parte de nuestro partido tuvo una actitud de un gran respeto y de una gran disposici\u00f3n para trabajar con su servidor, el gobernador\u201d, destac\u00f3.<br \/>\nPor esa raz\u00f3n, dijo que no se debe dejar de anotar que lo sucedido en contra del m\u00e9dico veterinario Arturo G\u00f3mez fue un hecho muy grave, que lastima el sentimiento de muchas familias y de un pueblo, el cual reconoci\u00f3 \u201cera gobernado acertadamente\u201d.<br \/>\nBajo dicha circunstancia, Astudillo Flores solicit\u00f3 que se guardara un minuto de silencio en memoria del asesinado alcalde de Petatl\u00e1n, lo que fue acatado por los integrantes de la Asamblea Permanente del PRI-Guerrero, integrada por senadores; diputados federales, diputados locales, alcaldes, s\u00edndicos, regidores, delegados federales y secretarios de despacho.<br \/>\nDespu\u00e9s, el mandatario dirigi\u00f3 sus condolencias a la familia de G\u00f3mez P\u00e9rez, con la que dijo tener una relaci\u00f3n cercana.<br \/>\nAntes, en la entrevista con trabajadores de los medios de comunicaci\u00f3n, el gobernador Astudillo Flores reconoci\u00f3 que el alcalde abatido era un activo importante en la Costa Grande, el cual pese a las diferencias partidistas ten\u00eda el reconocimiento del Ejecutivo local.<br \/>\nCon \u00e9l, dijo que su relaci\u00f3n era muy buena, con quien ten\u00eda mucho contacto en el trabajo, raz\u00f3n por la que Petatl\u00e1n fue el municipio que m\u00e1s visit\u00f3 en los \u00faltimos meses, principalmente para inaugurar obras.<br \/>\n\u201cSin duda era un hombre con fuerza pol\u00edtica, el gobernador es el primero en reconocerlo\u201d, asever\u00f3.<\/p>\n","protected":false},"excerpt":{"rendered":"<p>Era un hombre con fuerza pol\u00edtica, reconoce el gobernador La Comisi\u00f3n Pol\u00edtica Permanente del PRI guard\u00f3 un minuto de silencio en memoria del Arturo G\u00f3mez P\u00e9rez, alcalde perredista de Petatl\u00e1n,&hellip; <\/p>\n","protected":false},"author":1,"featured_media":0,"comment_status":"closed","ping_status":"closed","sticky":false,"template":"","format":"standard","meta":{"fifu_image_url":"","fifu_image_alt":"","footnotes":""},"categories":[8,18],"tags":[],"class_list":["post-11077","post","type-post","status-publish","format-standard","hentry","category-featured","category-partidos-politicos"],"_links":{"self":[{"href":"https:\/\/www.interaccionnoticias.com.mx\/index.php?rest_route=\/wp\/v2\/posts\/11077","targetHints":{"allow":["GET"]}}],"collection":[{"href":"https:\/\/www.interaccionnoticias.com.mx\/index.php?rest_route=\/wp\/v2\/posts"}],"about":[{"href":"https:\/\/www.interaccionnoticias.com.mx\/index.php?rest_route=\/wp\/v2\/types\/post"}],"author":[{"embeddable":true,"href":"https:\/\/www.interaccionnoticias.com.mx\/index.php?rest_route=\/wp\/v2\/users\/1"}],"replies":[{"embeddable":true,"href":"https:\/\/www.interaccionnoticias.com.mx\/index.php?rest_route=%2Fwp%2Fv2%2Fcomments&post=11077"}],"version-history":[{"count":0,"href":"https:\/\/www.interaccionnoticias.com.mx\/index.php?rest_route=\/wp\/v2\/posts\/11077\/revisions"}],"wp:attachment":[{"href":"https:\/\/www.interaccionnoticias.com.mx\/index.php?rest_route=%2Fwp%2Fv2%2Fmedia&parent=11077"}],"wp:term":[{"taxonomy":"category","embeddable":true,"href":"https:\/\/www.interaccionnoticias.com.mx\/index.php?rest_route=%2Fwp%2Fv2%2Fcategories&post=11077"},{"taxonomy":"post_tag","embeddable":true,"href":"https:\/\/www.interaccionnoticias.com.mx\/index.php?rest_route=%2Fwp%2Fv2%2Ftags&post=11077"}],"curies":[{"name":"wp","href":"https:\/\/api.w.org\/{rel}","templated":true}]}}