{"id":11073,"date":"2017-12-30T12:18:07","date_gmt":"2017-12-30T18:18:07","guid":{"rendered":"http:\/\/www.inter-accion.com.mx\/?p=11073"},"modified":"2017-12-30T12:18:07","modified_gmt":"2017-12-30T18:18:07","slug":"confia-el-gobernador-en-la-captura-de-el-tequilero","status":"publish","type":"post","link":"https:\/\/www.interaccionnoticias.com.mx\/?p=11073","title":{"rendered":"Conf\u00eda el gobernador en la captura de &quot;El Tequilero&quot;"},"content":{"rendered":"<h3><strong>Tras la detenci\u00f3n de \u00abEl Vago\u00bb<br \/>\n<\/strong><\/h3>\n<p>El gobernador H\u00e9ctor Astudillo Flores confi\u00f3 en que, tras la captura de Mauro Gonz\u00e1lez Hern\u00e1ndez \u00abEl Vago\u00bb, se agilicen las investigaciones encaminadas a detener a Raybel Jacobo Dealmonte y desmantelar a la banda conocida como \u00abLos Tequileros\u00bb.<br \/>\nEn Chilpancingo, Astudillo Flores confirm\u00f3 que la persona que ingres\u00f3 la madrugada del viernes 28 de diciembre al penal de Arcelia, para luego ser trasladado por aire hacia un lugar m\u00e1s seguro, es el segundo hombre m\u00e1s importante de la organizaci\u00f3n, la cual dijo: \u00abse mueve al margen de la ley\u00bb.<br \/>\nCon esa detenci\u00f3n, dijo que se espera haya elementos suficientes para dar con el paradero y arrestar a quien se identifica como el \u00abcabecilla\u00bb del grupo delictivo, en referencia a Raybel Jacobo Dealmonte, \u00abEl Tequilero\u00bb.<br \/>\nCuestionado sobre la situaci\u00f3n jur\u00eddica del diputado local Sa\u00fal Beltr\u00e1n Orozco, sobre quien existe una orden de aprehensi\u00f3n y fue calificado por el actual fiscal general del estado, Javier Olea Pel\u00e1ez como \u00abEl tequilero n\u00famero uno\u00bb, el gobernador Astudillo Flores insisti\u00f3 en que todas las actuaciones legales iniciadas en ese asunto permanecen vivas.<br \/>\nLa captura del segundo hombre m\u00e1s importante, de acuerdo con el jefe del Ejecutivo local, puede ser determinante para desmantelar a un grupo delincuencial que durante varios a\u00f1os oper\u00f3 de manera importante en la regi\u00f3n de la Tierra Caliente, particularmente en los municipios de Ajuchitl\u00e1n del Progreso, San Miguel Totolapan y Arcelia.<\/p>\n","protected":false},"excerpt":{"rendered":"<p>Tras la detenci\u00f3n de \u00abEl Vago\u00bb El gobernador H\u00e9ctor Astudillo Flores confi\u00f3 en que, tras la captura de Mauro Gonz\u00e1lez Hern\u00e1ndez \u00abEl Vago\u00bb, se agilicen las investigaciones encaminadas a detener&hellip; <\/p>\n","protected":false},"author":1,"featured_media":0,"comment_status":"closed","ping_status":"closed","sticky":false,"template":"","format":"standard","meta":{"fifu_image_url":"","fifu_image_alt":"","footnotes":""},"categories":[8,11],"tags":[],"class_list":["post-11073","post","type-post","status-publish","format-standard","hentry","category-featured","category-guerrero"],"_links":{"self":[{"href":"https:\/\/www.interaccionnoticias.com.mx\/index.php?rest_route=\/wp\/v2\/posts\/11073","targetHints":{"allow":["GET"]}}],"collection":[{"href":"https:\/\/www.interaccionnoticias.com.mx\/index.php?rest_route=\/wp\/v2\/posts"}],"about":[{"href":"https:\/\/www.interaccionnoticias.com.mx\/index.php?rest_route=\/wp\/v2\/types\/post"}],"author":[{"embeddable":true,"href":"https:\/\/www.interaccionnoticias.com.mx\/index.php?rest_route=\/wp\/v2\/users\/1"}],"replies":[{"embeddable":true,"href":"https:\/\/www.interaccionnoticias.com.mx\/index.php?rest_route=%2Fwp%2Fv2%2Fcomments&post=11073"}],"version-history":[{"count":0,"href":"https:\/\/www.interaccionnoticias.com.mx\/index.php?rest_route=\/wp\/v2\/posts\/11073\/revisions"}],"wp:attachment":[{"href":"https:\/\/www.interaccionnoticias.com.mx\/index.php?rest_route=%2Fwp%2Fv2%2Fmedia&parent=11073"}],"wp:term":[{"taxonomy":"category","embeddable":true,"href":"https:\/\/www.interaccionnoticias.com.mx\/index.php?rest_route=%2Fwp%2Fv2%2Fcategories&post=11073"},{"taxonomy":"post_tag","embeddable":true,"href":"https:\/\/www.interaccionnoticias.com.mx\/index.php?rest_route=%2Fwp%2Fv2%2Ftags&post=11073"}],"curies":[{"name":"wp","href":"https:\/\/api.w.org\/{rel}","templated":true}]}}