{"id":11070,"date":"2017-12-29T23:47:45","date_gmt":"2017-12-30T05:47:45","guid":{"rendered":"http:\/\/www.inter-accion.com.mx\/?p=11070"},"modified":"2017-12-29T23:47:45","modified_gmt":"2017-12-30T05:47:45","slug":"lamenta-pri-guerrero-asesinato-del-alcalde-de-petatlan","status":"publish","type":"post","link":"https:\/\/www.interaccionnoticias.com.mx\/?p=11070","title":{"rendered":"Lamenta PRI-Guerrero asesinato del alcalde de Petatl\u00e1n"},"content":{"rendered":"<p>El dirigente estatal del PRI, Heriberto Huicochea V\u00e1zquez lament\u00f3 el asesinato cometido en contra de Arturo G\u00f3mez P\u00e9rez, presidente municipal de Petatl\u00e1n y se sum\u00f3 al reclamo de justicia.<br \/>\nV\u00eda comunicado, Huicochea V\u00e1zquez consider\u00f3 que el asesinato de G\u00f3mez P\u00e9rez&nbsp;&nbsp;<br \/>\nenluta no solo a sus familiares y amigos, sino tambi\u00e9n a los guerrerenses que indic\u00f3: \u00abconoc\u00edamos su correcta conducta y su compromiso con su pueblo\u00bb.<br \/>\nEn consecuencia, Heriberto Huicochea V\u00e1zquez exhort\u00f3 a las autoridades competentes investigar y detener a quienes sean responsables.<br \/>\nSe\u00f1al\u00f3 que en estos momentos no se deben de aprovechar para sacar provecho con declaraciones fuera de sustento, \u00abque acusan sin comprobar, al gobierno de H\u00e9ctor Astudillo Flores, ya que el tema de la inseguridad es un tema que se da en todo el pa\u00eds\u00bb.<br \/>\nRecord\u00f3 que hay estudios que ponen a Guerrero por encima en la lista, debido principalmente en que en este estado se producen y distribuyen drogas que ambicionan y pelean los grupos de la delincuencia organizada.&nbsp;<br \/>\nEl dirigente estatal del PRI dijo que en vez de especular o soltar versiones de \u201catentados por motivos pol\u00edticos\u201d se debe de esperar a que se den a conocer los motivos que hayan provocado su muerte, ya que eso les corresponde a las autoridades de la Fiscal\u00eda General del Estado.<br \/>\nReproch\u00f3 las declaraciones de la precandidata al Senado Beatriz Mojica Morga, quien dijo: \u00abCada vez que declara a los medios demuestra que sigue con su rencor en contra de quien le gan\u00f3 en las elecciones de gobernador\u00bb.<br \/>\nIndic\u00f3 que estos son momentos de apoyar en este trance a la familia G\u00f3mez P\u00e9rez, m\u00e1s all\u00e1 de banderas partidistas o ideol\u00f3gicas, sino como seres humanos, de manera solidaria.<\/p>\n<div class=\"yj6qo\">&nbsp;<\/div>\n<div class=\"adL\">&nbsp;<\/div>\n","protected":false},"excerpt":{"rendered":"<p>El dirigente estatal del PRI, Heriberto Huicochea V\u00e1zquez lament\u00f3 el asesinato cometido en contra de Arturo G\u00f3mez P\u00e9rez, presidente municipal de Petatl\u00e1n y se sum\u00f3 al reclamo de justicia. V\u00eda&hellip; <\/p>\n","protected":false},"author":1,"featured_media":0,"comment_status":"closed","ping_status":"closed","sticky":false,"template":"","format":"standard","meta":{"fifu_image_url":"","fifu_image_alt":"","footnotes":""},"categories":[8,18],"tags":[],"class_list":["post-11070","post","type-post","status-publish","format-standard","hentry","category-featured","category-partidos-politicos"],"_links":{"self":[{"href":"https:\/\/www.interaccionnoticias.com.mx\/index.php?rest_route=\/wp\/v2\/posts\/11070","targetHints":{"allow":["GET"]}}],"collection":[{"href":"https:\/\/www.interaccionnoticias.com.mx\/index.php?rest_route=\/wp\/v2\/posts"}],"about":[{"href":"https:\/\/www.interaccionnoticias.com.mx\/index.php?rest_route=\/wp\/v2\/types\/post"}],"author":[{"embeddable":true,"href":"https:\/\/www.interaccionnoticias.com.mx\/index.php?rest_route=\/wp\/v2\/users\/1"}],"replies":[{"embeddable":true,"href":"https:\/\/www.interaccionnoticias.com.mx\/index.php?rest_route=%2Fwp%2Fv2%2Fcomments&post=11070"}],"version-history":[{"count":0,"href":"https:\/\/www.interaccionnoticias.com.mx\/index.php?rest_route=\/wp\/v2\/posts\/11070\/revisions"}],"wp:attachment":[{"href":"https:\/\/www.interaccionnoticias.com.mx\/index.php?rest_route=%2Fwp%2Fv2%2Fmedia&parent=11070"}],"wp:term":[{"taxonomy":"category","embeddable":true,"href":"https:\/\/www.interaccionnoticias.com.mx\/index.php?rest_route=%2Fwp%2Fv2%2Fcategories&post=11070"},{"taxonomy":"post_tag","embeddable":true,"href":"https:\/\/www.interaccionnoticias.com.mx\/index.php?rest_route=%2Fwp%2Fv2%2Ftags&post=11070"}],"curies":[{"name":"wp","href":"https:\/\/api.w.org\/{rel}","templated":true}]}}