{"id":11061,"date":"2017-12-29T18:48:16","date_gmt":"2017-12-30T00:48:16","guid":{"rendered":"http:\/\/www.inter-accion.com.mx\/?p=11061"},"modified":"2017-12-29T18:48:16","modified_gmt":"2017-12-30T00:48:16","slug":"sacan-al-lugarteniente-de-el-tequilero-del-penal-de-arcelia","status":"publish","type":"post","link":"https:\/\/www.interaccionnoticias.com.mx\/?p=11061","title":{"rendered":"Sacan al lugarteniente de \u201cEl Tequilero\u201d del penal de Arcelia"},"content":{"rendered":"<p class=\"m_7997466815195616456x_MsoListParagraph\"><span lang=\"ES\">Por el nivel de peligrosidad, lo trasladan a un penal m\u00e1s seguro<\/span><\/p>\n<p class=\"m_7997466815195616456x_MsoNormal\"><span lang=\"ES\">Durante la tarde del viernes, personal de la Polic\u00eda Federal (PF) sac\u00f3 del penal de Arcelia a Mauro Gonz\u00e1lez Hern\u00e1ndez, alias \u201cEl Vago\u201d y quien es el segundo hombre m\u00e1s importante en la banda que lidera Raybel Jacobo Dealmonte, alias \u201cEl Tequilero\u201d.<\/span><\/p>\n<p class=\"m_7997466815195616456x_MsoNormal\"><span lang=\"ES\">Roberto Alvarez Heredia, vocero del Grupo de Coordinaci\u00f3n Guerrero (GCG) confirm\u00f3 que derivado del nivel de peligrosidad que representa \u201cEl Vago\u201d, las autoridades federales decidieron sacarlo del penal de Arcelia, ubicado en la Tierra Caliente de Guerrero y llevarlo hacia un lugar m\u00e1s seguro.<\/span><\/p>\n<p class=\"m_7997466815195616456x_MsoNormal\"><span lang=\"ES\">El funcionario sostuvo que el Centro de Reinserci\u00f3n Social (Cereso) de Arcelia es muy peque\u00f1o, raz\u00f3n por la que representaba un riesgo para la integridad personal del detenido, que enfrenta por lo menos cuatro causas penales por el delito de secuestro agravado.<\/span><\/p>\n<p class=\"m_7997466815195616456x_MsoNormal\"><span lang=\"ES\">Tambi\u00e9n reconoci\u00f3 que exist\u00eda el riesgo de que el presunto lugarteniente de \u201cLos Tequileros\u201d fuera rescatado por sus c\u00f3mplices, que hasta 2016 operaban de manera constante en los municipios de San Miguel Totolapan, Ajuchitl\u00e1n del Progreso y Arcelia.<\/span><\/p>\n<p class=\"m_7997466815195616456x_MsoNormal\"><span lang=\"ES\">Para trasladar a Gonz\u00e1lez Hern\u00e1ndez hacia un lugar m\u00e1s seguro se utiliz\u00f3 un helic\u00f3ptero de la Secretar\u00eda de Seguridad P\u00fablica (SSP) estatal.<\/span><\/p>\n<p class=\"m_7997466815195616456x_MsoNormal\"><span lang=\"ES\">De acuerdo con informaci\u00f3n extraoficial, se sabe que \u201cEl Vago\u201d fue capturado la tarde del jueves 28 de diciembre, en una operaci\u00f3n implementada por elementos de la Polic\u00eda Federal (PF) que se desarroll\u00f3 en la colonia Lomas de Xocomulco de Chilpancingo.<\/span><\/p>\n<p class=\"m_7997466815195616456x_MsoNormal\"><span lang=\"ES\">De acuerdo con las im\u00e1genes que se han difundido, el supuesto lugarteniente de \u201cEl Tequilero\u201d no presenta ninguna lesi\u00f3n provocada por arma de fuego.<\/span><\/p>\n","protected":false},"excerpt":{"rendered":"<p>Por el nivel de peligrosidad, lo trasladan a un penal m\u00e1s seguro Durante la tarde del viernes, personal de la Polic\u00eda Federal (PF) sac\u00f3 del penal de Arcelia a Mauro&hellip; <\/p>\n","protected":false},"author":1,"featured_media":0,"comment_status":"closed","ping_status":"closed","sticky":false,"template":"","format":"standard","meta":{"fifu_image_url":"","fifu_image_alt":"","footnotes":""},"categories":[8,23],"tags":[],"class_list":["post-11061","post","type-post","status-publish","format-standard","hentry","category-featured","category-regionales"],"_links":{"self":[{"href":"https:\/\/www.interaccionnoticias.com.mx\/index.php?rest_route=\/wp\/v2\/posts\/11061","targetHints":{"allow":["GET"]}}],"collection":[{"href":"https:\/\/www.interaccionnoticias.com.mx\/index.php?rest_route=\/wp\/v2\/posts"}],"about":[{"href":"https:\/\/www.interaccionnoticias.com.mx\/index.php?rest_route=\/wp\/v2\/types\/post"}],"author":[{"embeddable":true,"href":"https:\/\/www.interaccionnoticias.com.mx\/index.php?rest_route=\/wp\/v2\/users\/1"}],"replies":[{"embeddable":true,"href":"https:\/\/www.interaccionnoticias.com.mx\/index.php?rest_route=%2Fwp%2Fv2%2Fcomments&post=11061"}],"version-history":[{"count":0,"href":"https:\/\/www.interaccionnoticias.com.mx\/index.php?rest_route=\/wp\/v2\/posts\/11061\/revisions"}],"wp:attachment":[{"href":"https:\/\/www.interaccionnoticias.com.mx\/index.php?rest_route=%2Fwp%2Fv2%2Fmedia&parent=11061"}],"wp:term":[{"taxonomy":"category","embeddable":true,"href":"https:\/\/www.interaccionnoticias.com.mx\/index.php?rest_route=%2Fwp%2Fv2%2Fcategories&post=11061"},{"taxonomy":"post_tag","embeddable":true,"href":"https:\/\/www.interaccionnoticias.com.mx\/index.php?rest_route=%2Fwp%2Fv2%2Ftags&post=11061"}],"curies":[{"name":"wp","href":"https:\/\/api.w.org\/{rel}","templated":true}]}}