{"id":10937,"date":"2017-12-14T18:59:17","date_gmt":"2017-12-15T00:59:17","guid":{"rendered":"http:\/\/www.inter-accion.com.mx\/?p=10937"},"modified":"2017-12-14T18:59:17","modified_gmt":"2017-12-15T00:59:17","slug":"familiares-de-desaparecidos-irrumpen-en-el-congreso-local","status":"publish","type":"post","link":"https:\/\/www.interaccionnoticias.com.mx\/?p=10937","title":{"rendered":"Familiares de desaparecidos irrumpen en el Congreso local"},"content":{"rendered":"\n<h3 class=\"m_-4104875232416781814x_MsoListParagraph\"><strong><span lang=\"ES\">Impiden el nombramiento de fiscales especiales<\/span><\/strong><\/h3>\n<p class=\"m_-4104875232416781814x_MsoNormal\"><span lang=\"ES\">Al grito de \u201cvivos se los llevaron, vivos los queremos\u201d, familiares de personas desaparecidas entraron por la fuerza a las instalaciones del Congreso local, con la intenci\u00f3n de impedir que en la sesi\u00f3n de este jueves se nombrara a la abogada Guadalupe Rend\u00f3n Ram\u00edrez como titular de la Fiscal\u00eda Especializada en Desaparici\u00f3n Forzada y B\u00fasqueda de personas.<\/span><\/p>\n<p class=\"m_-4104875232416781814x_MsoNormal\"><span lang=\"ES\">Desde la ma\u00f1ana del 14 de diciembre, representantes de diferentes colectivos llegaron desde ciudades como Acapulco, Chilapa, Iguala y Chilpancingo, para solicitar la instalaci\u00f3n de una mesa de dialogo con los integrantes de la Junta de Coordinaci\u00f3n Pol\u00edtica del Poder Legislativo.<\/span><\/p>\n<p class=\"m_-4104875232416781814x_MsoNormal\"><span lang=\"ES\">Aprovecharon la presentaci\u00f3n de un libro de la autor\u00eda del coordinador del Partido Movimiento Ciudadano (MC), Ricardo Mej\u00eda Berdeja, para cuestionar la propuesta enviada por el titular de la Fiscal\u00eda General del Estado (FGE), Javier Olea Pel\u00e1ez respecto a la Fiscal\u00eda Especializada en Desaparici\u00f3n Forzada.<\/span><\/p>\n<p class=\"m_-4104875232416781814x_MsoNormal\"><span lang=\"ES\">De manera conjunta, Mario Vergara Hern\u00e1ndez, representante del colectivo \u201cLos otros desaparecidos de Iguala\u201d; Manuel Olivares Hern\u00e1ndez, de Centro de Derechos Humanos Jos\u00e9 Mar\u00eda Morelos y Pav\u00f3n, de Chilapa, entre otros, plantearon que en lugar de nombrar una fiscal especial que no tendr\u00e1 un buen ambiente de trabajo con las familias de las v\u00edctimas, mejor se aplazara el nombramiento y se lanzara una convocatoria para captar la atenci\u00f3n de profesionales del derecho que cumplieran con las expectativas de los interesados.<\/span><\/p>\n<p class=\"m_-4104875232416781814x_MsoNormal\"><span lang=\"ES\">De primera instancia, los integrantes de la JCP del Congreso no tomaron importancia al planteamiento de los colectivos, por lo que se convocaron a sesi\u00f3n para desahogar tambi\u00e9n el nombramiento del titular de la Fiscal\u00eda Especializada en Delitos Electorales (Fepade).<\/span><\/p>\n<h3 class=\"m_-4104875232416781814x_MsoNormal\"><span lang=\"ES\">Se meten a empujones<\/span><\/h3>\n<p class=\"m_-4104875232416781814x_MsoNormal\"><span lang=\"ES\">Personal de seguridad solicitaron a los integrantes de los colectivos que se movieran hacia la explanada ubicada en la entrada posterior del Congreso, luego cerraron las puertas para evitarles el paso hacia la sala de plenos, con la intenci\u00f3n de desahogar la sesi\u00f3n sin complicaciones.<\/span><\/p>\n<p class=\"m_-4104875232416781814x_MsoNormal\"><span lang=\"ES\">Mario Vergara y Manuel Olivares solicitaron que los integrantes de la Junta de Coordinaci\u00f3n Pol\u00edtica recibiera una comisi\u00f3n para hacerles la propuesta de manera directa, el personal de seguridad dijo que pasar\u00eda el mensaje y les dar\u00eda una respuesta, pero esta nunca lleg\u00f3.<\/span><\/p>\n<p class=\"m_-4104875232416781814x_MsoNormal\"><span lang=\"ES\">Antes de las 14:30 horas, Mario Vergara dijo a los miembros de la seguridad del Congreso que otorgaban un plazo de 15 minutos para facilitar el dialogo con la JCP, de lo contrario entrar\u00edan por la fuerza.<\/span><\/p>\n<p class=\"m_-4104875232416781814x_MsoNormal\"><span lang=\"ES\">Como nadie prest\u00f3 atenci\u00f3n a la advertencia y las puertas de cristal segu\u00edan cerradas, los integrantes de los colectivos se agruparon y se alistaron para ejercer presi\u00f3n.<\/span><\/p>\n<p class=\"m_-4104875232416781814x_MsoNormal\"><span lang=\"ES\">Sin exaltarse, Mario Vergara conmin\u00f3 hasta en dos ocasiones a los guardias para que se hicieran a un lado porque comenzar\u00edan a empujar, como nuevamente tuvo como respuesta el silencio, lo que sigui\u00f3 fue un solo empell\u00f3n que propici\u00f3 que las puertas se abrieran violentamente.<\/span><\/p>\n<p class=\"m_-4104875232416781814x_MsoNormal\"><span lang=\"ES\">Una vez dentro, hombres y mujeres golpearon las puertas de madera que resguardan la sala de plenos, aunque desistieron de pasar a la zona de curules y se desplazaron hacia la galer\u00eda para desde ah\u00ed buscar el contacto visual con los diputados, que ya se alistaban para comenzar la sesi\u00f3n.<\/span><\/p>\n<p class=\"m_-4104875232416781814x_MsoNormal\"><span lang=\"ES\">A gritos, madres, hermanos, hijos y esposas de personas desaparecidas exigieron a los representantes populares de Guerrero que no desahogaran en esa sesi\u00f3n el nombramiento de la titular de la Fiscal\u00eda Especializada, tambi\u00e9n aprovecharon para pronunciarse en contra de la Ley de Seguridad Interior (LSI) que se discute en el Senado de la Rep\u00fablica.<\/span><\/p>\n<h3 class=\"m_-4104875232416781814x_MsoNormal\"><span lang=\"ES\">Frenan los nombramientos<\/span><\/h3>\n<p class=\"m_-4104875232416781814x_MsoNormal\"><span lang=\"ES\">Durante varios minutos los diputados que ya estaban en la sala de plenos se limitaron a escuchar los reclamos sin atinar a reaccionar, fue cuando los activistas les exigieron fijar una postura en torno a su planteamiento que el presidente de la Mesa Directiva, Eduardo Cueva se anim\u00f3 a dirigirles unas palabras.<\/span><\/p>\n<p class=\"m_-4104875232416781814x_MsoNormal\"><span lang=\"ES\">De primera instancia les dijo que lo relacionado con la LSI escapa a las posibilidades del Congreso local, pues eso se discute en el Senado.<\/span><\/p>\n<p class=\"m_-4104875232416781814x_MsoNormal\"><span lang=\"ES\">En cuanto al nombramiento de la fiscal especial, dijo que s\u00ed hab\u00eda la posibilidad de iniciar el dialogo con los integrantes de la JCP, lo que calm\u00f3 los \u00e1nimos.<\/span><\/p>\n<p class=\"m_-4104875232416781814x_MsoNormal\"><span lang=\"ES\">Hubo una reuni\u00f3n a puerta cerrada con los integrantes de las fracciones parlamentarias y representaciones de partido, aunque la forma en que irrumpieron gener\u00f3 malestar entre los diputados, al final decidieron posponer el nombramiento de los fiscales especiales.<\/span><\/p>\n<p class=\"m_-4104875232416781814x_MsoNormal\"><span lang=\"ES\">El asunto, gracias a la irrupci\u00f3n de los activistas, se desahogar\u00e1 hasta despu\u00e9s del periodo vacacional de fin de a\u00f1o.<\/span><\/p>\n","protected":false},"excerpt":{"rendered":"<p>Impiden el nombramiento de fiscales especiales Al grito de \u201cvivos se los llevaron, vivos los queremos\u201d, familiares de personas desaparecidas entraron por la fuerza a las instalaciones del Congreso local,&hellip; <\/p>\n","protected":false},"author":1,"featured_media":0,"comment_status":"closed","ping_status":"closed","sticky":false,"template":"","format":"standard","meta":{"fifu_image_url":"","fifu_image_alt":"","footnotes":""},"categories":[2,8],"tags":[],"class_list":["post-10937","post","type-post","status-publish","format-standard","hentry","category-congreso","category-featured"],"_links":{"self":[{"href":"https:\/\/www.interaccionnoticias.com.mx\/index.php?rest_route=\/wp\/v2\/posts\/10937","targetHints":{"allow":["GET"]}}],"collection":[{"href":"https:\/\/www.interaccionnoticias.com.mx\/index.php?rest_route=\/wp\/v2\/posts"}],"about":[{"href":"https:\/\/www.interaccionnoticias.com.mx\/index.php?rest_route=\/wp\/v2\/types\/post"}],"author":[{"embeddable":true,"href":"https:\/\/www.interaccionnoticias.com.mx\/index.php?rest_route=\/wp\/v2\/users\/1"}],"replies":[{"embeddable":true,"href":"https:\/\/www.interaccionnoticias.com.mx\/index.php?rest_route=%2Fwp%2Fv2%2Fcomments&post=10937"}],"version-history":[{"count":0,"href":"https:\/\/www.interaccionnoticias.com.mx\/index.php?rest_route=\/wp\/v2\/posts\/10937\/revisions"}],"wp:attachment":[{"href":"https:\/\/www.interaccionnoticias.com.mx\/index.php?rest_route=%2Fwp%2Fv2%2Fmedia&parent=10937"}],"wp:term":[{"taxonomy":"category","embeddable":true,"href":"https:\/\/www.interaccionnoticias.com.mx\/index.php?rest_route=%2Fwp%2Fv2%2Fcategories&post=10937"},{"taxonomy":"post_tag","embeddable":true,"href":"https:\/\/www.interaccionnoticias.com.mx\/index.php?rest_route=%2Fwp%2Fv2%2Ftags&post=10937"}],"curies":[{"name":"wp","href":"https:\/\/api.w.org\/{rel}","templated":true}]}}