{"id":10933,"date":"2017-12-14T18:06:02","date_gmt":"2017-12-15T00:06:02","guid":{"rendered":"http:\/\/www.inter-accion.com.mx\/?p=10933"},"modified":"2017-12-14T18:06:02","modified_gmt":"2017-12-15T00:06:02","slug":"liberan-al-policia-comunitario-arturo-campos-herrera","status":"publish","type":"post","link":"https:\/\/www.interaccionnoticias.com.mx\/?p=10933","title":{"rendered":"Liberan al polic\u00eda comunitario Arturo Campos Herrera"},"content":{"rendered":"<h3 class=\"m_-4787986554549500337x_MsoListParagraph\"><strong><span lang=\"ES\">A cuatro a\u00f1os de su captura, por el presunto delito de secuestro<\/span><\/strong><\/h3>\n<p class=\"m_-4787986554549500337x_MsoNormal\"><span lang=\"ES\">Arturo Campos Herrera, consejero de la Coordinadora Regional de Autoridades Comunitarias (CRAC) en la Casa de Justicia de El Para\u00edso, municipio de Ayutla de los Libres abandon\u00f3 la c\u00e1rcel de Ayutla de los Libres, a cuatro a\u00f1os de que se le capturara por la presunta comisi\u00f3n del delito de secuestro.<\/span><\/p>\n<p class=\"m_-4787986554549500337x_MsoNormal\"><span lang=\"ES\">Alrededor de las 16:15&nbsp;&nbsp;horas del jueves 14 de diciembre, el polic\u00eda comunitario fue recibido por los abogados del Centro de Derechos Humanos de la Monta\u00f1a (CDHM), quienes desde finales del mes de noviembre se\u00f1alaron que el juez de control, radicado en Tlapa de Comonfort no ten\u00eda elementos para retenerlo en prisi\u00f3n.<\/span><\/p>\n<p class=\"m_-4787986554549500337x_MsoNormal\"><span lang=\"ES\">As\u00ed, ante la falta de elementos, el juez de la causa determin\u00f3 la liberaci\u00f3n de Campos Herrera, quien fue capturado en Chilpancingo, luego de participar en un mitin en el que reclam\u00f3 la liberaci\u00f3n de su compa\u00f1ero consejero de la CRAC en Tixtla, Gonzalo Molina Gonz\u00e1lez.<\/span><\/p>\n<p class=\"m_-4787986554549500337x_MsoNormal\"><span lang=\"ES\">A principios de diciembre, el abogado del CDHM, Vidulfo Rosales Sierra junto con otros representantes de Tlachinollan encabez\u00f3 una reuni\u00f3n con magistrados del Tribunal Superior de Justicia (TSJ), a los que explicaron las razones por las que Campos Herrera deb\u00eda ser exonerado.<\/span><\/p>\n<p class=\"m_-4787986554549500337x_MsoNormal\"><span lang=\"ES\">Entre otras cosas, se\u00f1alaron a los magistrados del Poder Judicial, que el supuesto delito de secuestro se imputa a Campos Herrera por una serie de detenciones que se ejecutaron cuando el fung\u00eda como polic\u00eda comunitario de la CRAC, lo que est\u00e1 amparado por la Ley 701, en materia de derechos y cultura ind\u00edgena.<\/span><\/p>\n<p class=\"m_-4787986554549500337x_MsoNormal\"><span lang=\"ES\">&nbsp;<\/span><\/p>\n","protected":false},"excerpt":{"rendered":"<p>A cuatro a\u00f1os de su captura, por el presunto delito de secuestro Arturo Campos Herrera, consejero de la Coordinadora Regional de Autoridades Comunitarias (CRAC) en la Casa de Justicia de&hellip; <\/p>\n","protected":false},"author":1,"featured_media":0,"comment_status":"closed","ping_status":"closed","sticky":false,"template":"","format":"standard","meta":{"fifu_image_url":"","fifu_image_alt":"","footnotes":""},"categories":[8,15],"tags":[],"class_list":["post-10933","post","type-post","status-publish","format-standard","hentry","category-featured","category-movimientos-sociales"],"_links":{"self":[{"href":"https:\/\/www.interaccionnoticias.com.mx\/index.php?rest_route=\/wp\/v2\/posts\/10933","targetHints":{"allow":["GET"]}}],"collection":[{"href":"https:\/\/www.interaccionnoticias.com.mx\/index.php?rest_route=\/wp\/v2\/posts"}],"about":[{"href":"https:\/\/www.interaccionnoticias.com.mx\/index.php?rest_route=\/wp\/v2\/types\/post"}],"author":[{"embeddable":true,"href":"https:\/\/www.interaccionnoticias.com.mx\/index.php?rest_route=\/wp\/v2\/users\/1"}],"replies":[{"embeddable":true,"href":"https:\/\/www.interaccionnoticias.com.mx\/index.php?rest_route=%2Fwp%2Fv2%2Fcomments&post=10933"}],"version-history":[{"count":0,"href":"https:\/\/www.interaccionnoticias.com.mx\/index.php?rest_route=\/wp\/v2\/posts\/10933\/revisions"}],"wp:attachment":[{"href":"https:\/\/www.interaccionnoticias.com.mx\/index.php?rest_route=%2Fwp%2Fv2%2Fmedia&parent=10933"}],"wp:term":[{"taxonomy":"category","embeddable":true,"href":"https:\/\/www.interaccionnoticias.com.mx\/index.php?rest_route=%2Fwp%2Fv2%2Fcategories&post=10933"},{"taxonomy":"post_tag","embeddable":true,"href":"https:\/\/www.interaccionnoticias.com.mx\/index.php?rest_route=%2Fwp%2Fv2%2Ftags&post=10933"}],"curies":[{"name":"wp","href":"https:\/\/api.w.org\/{rel}","templated":true}]}}