{"id":10855,"date":"2017-12-11T11:36:48","date_gmt":"2017-12-11T17:36:48","guid":{"rendered":"http:\/\/www.inter-accion.com.mx\/?p=10855"},"modified":"2017-12-11T11:36:48","modified_gmt":"2017-12-11T17:36:48","slug":"sebastian-de-la-rosa-no-hara-campana-por-ricardo-anaya","status":"publish","type":"post","link":"https:\/\/www.interaccionnoticias.com.mx\/?p=10855","title":{"rendered":"Sebasti\u00e1n de la Rosa no har\u00e1 campa\u00f1a por Ricardo Anaya"},"content":{"rendered":"<div>Lo califica de facista&nbsp;<\/div>\n<div>&nbsp;<\/div>\n<div><strong>Acapulco, Gro.-<\/strong> El exdirigente estatal del PRD en Guerrero, y aspirante registrado al Senado de la Rep\u00fablica, Sebasti\u00e1n de la Rosa Pel\u00e1ez, hace berrinche y afirma que no har\u00e1 campa\u00f1a para el facista Ricardo Anaya.<br \/>\n\u00abEl Frente (Ciudadano por M\u00e9xico) se constituy\u00f3, y lamentablemente toc\u00f3 la decisi\u00f3n de lanzar la candidatura del facista de Ricardo Anaya.<br \/>\n\u00abSebasti\u00e1n de&nbsp; la Rosa no puede apoyar a Ricardo Anaya. Yo me form\u00e9 en la izquierda (&#8230;) la derecha de Ricardo Anaya y el PAN, es la derecha m\u00e1s conservadora de este pa\u00eds y es la que busca que nada cambie\u00bb, afirm\u00f3 este domingo De la Rosa Pel\u00e1ez.<br \/>\nRodeado por integrantes de la Coalici\u00f3n de Organizaciones Democr\u00e1ticas Urbanas y Campesinas (CODUC), y de aspirantes a cargos de elecci\u00f3n popular remarc\u00f3 que no acepta las posiciones de quienes s\u00f3lo buscan acomodar sus intereses pol\u00edticos por encima del pueblo.<br \/>\nSe\u00f1al\u00f3 que desde un principio advirti\u00f3 que la CODUC s\u00f3lo ir\u00eda a una alianza con el jefe de Gobierno de la Ciudad de M\u00e9xico Miguel \u00c1ngel Mancera.<br \/>\nY adelant\u00f3 que ser\u00e1 hasta el proximo mi\u00e9rcoles cuando definan el rumbo que tomar\u00e1 la organizaci\u00f3n nacional de CODUC.<br \/>\nNo obstante, aclar\u00f3 que retir\u00f3 el registro de su candidatura al Senado de la Rep\u00fablica. Pues dijo que si llegara a ser candidato no podr\u00eda hacer campa\u00f1a con el PAN y defini\u00f3 que \u00abpor eso no voy a mover nada\u00bb, insisti\u00f3.<br \/>\nCobijado por el sindico porte\u00f1o y tambi\u00e9n aspirante a la alcald\u00eda de Acapulco, Ilich Augusto Lozano Herrera, reiter\u00f3 que no caminar\u00e1 con el Frente Ciudadano por M\u00e9xico.<\/div>\n","protected":false},"excerpt":{"rendered":"<p>Lo califica de facista&nbsp; &nbsp; Acapulco, Gro.- El exdirigente estatal del PRD en Guerrero, y aspirante registrado al Senado de la Rep\u00fablica, Sebasti\u00e1n de la Rosa Pel\u00e1ez, hace berrinche y&hellip; <\/p>\n","protected":false},"author":1,"featured_media":0,"comment_status":"closed","ping_status":"closed","sticky":false,"template":"","format":"standard","meta":{"fifu_image_url":"","fifu_image_alt":"","footnotes":""},"categories":[8,18],"tags":[],"class_list":["post-10855","post","type-post","status-publish","format-standard","hentry","category-featured","category-partidos-politicos"],"_links":{"self":[{"href":"https:\/\/www.interaccionnoticias.com.mx\/index.php?rest_route=\/wp\/v2\/posts\/10855","targetHints":{"allow":["GET"]}}],"collection":[{"href":"https:\/\/www.interaccionnoticias.com.mx\/index.php?rest_route=\/wp\/v2\/posts"}],"about":[{"href":"https:\/\/www.interaccionnoticias.com.mx\/index.php?rest_route=\/wp\/v2\/types\/post"}],"author":[{"embeddable":true,"href":"https:\/\/www.interaccionnoticias.com.mx\/index.php?rest_route=\/wp\/v2\/users\/1"}],"replies":[{"embeddable":true,"href":"https:\/\/www.interaccionnoticias.com.mx\/index.php?rest_route=%2Fwp%2Fv2%2Fcomments&post=10855"}],"version-history":[{"count":0,"href":"https:\/\/www.interaccionnoticias.com.mx\/index.php?rest_route=\/wp\/v2\/posts\/10855\/revisions"}],"wp:attachment":[{"href":"https:\/\/www.interaccionnoticias.com.mx\/index.php?rest_route=%2Fwp%2Fv2%2Fmedia&parent=10855"}],"wp:term":[{"taxonomy":"category","embeddable":true,"href":"https:\/\/www.interaccionnoticias.com.mx\/index.php?rest_route=%2Fwp%2Fv2%2Fcategories&post=10855"},{"taxonomy":"post_tag","embeddable":true,"href":"https:\/\/www.interaccionnoticias.com.mx\/index.php?rest_route=%2Fwp%2Fv2%2Ftags&post=10855"}],"curies":[{"name":"wp","href":"https:\/\/api.w.org\/{rel}","templated":true}]}}