{"id":10849,"date":"2017-12-10T17:32:08","date_gmt":"2017-12-10T23:32:08","guid":{"rendered":"http:\/\/www.inter-accion.com.mx\/?p=10849"},"modified":"2017-12-10T17:32:08","modified_gmt":"2017-12-10T23:32:08","slug":"astudillo-si-a-la-lsi-aunque-solo-durante-un-ano","status":"publish","type":"post","link":"https:\/\/www.interaccionnoticias.com.mx\/?p=10849","title":{"rendered":"Astudillo: s\u00ed a la LSI, aunque solo durante un a\u00f1o"},"content":{"rendered":"<h3 class=\"m_-365233336384895981x_MsoListParagraph\"><strong><span lang=\"ES\">Es inevitable la debilidad de las institucion<\/span><span lang=\"ES\">&nbsp;<\/span><\/strong><\/h3>\n<p class=\"m_-365233336384895981x_MsoNormal\"><span lang=\"ES\">El gobernador H\u00e9ctor Astudillo Flores ratific\u00f3 su respaldo a la Ley de Seguridad Interior (LSI), aunque aclar\u00f3 que solo mientras esta permanezca vigente durante un a\u00f1o.<\/span><\/p>\n<p class=\"m_-365233336384895981x_MsoNormal\"><span lang=\"ES\">En las instalaciones de la Comisi\u00f3n de Derechos Humanos del Estado de Guerrero (CDHEG), en donde acudi\u00f3 para tomar parte del aniversario n\u00famero 69 de la declaraci\u00f3n universal de los derechos humanos, el gobernador Astudillo Flores anticip\u00f3 que este lunes estar\u00e1 en el Senado de la Rep\u00fablica, en donde habr\u00e1 de fijar postura en torno a la minuta que integra la LSI, que actualmente est\u00e1 en discusi\u00f3n.<\/span><\/p>\n<p class=\"m_-365233336384895981x_MsoNormal\"><span lang=\"ES\">Consider\u00f3 importante establecer que la LSI establece claramente que su vigencia solo ser\u00e1 temporal, de tal suerte que hace falta difundir ese aspecto, porque muchos mexicanos a\u00fan desconocen que la vigencia de dicha normatividad solamente est\u00e1 planteada para un a\u00f1o.<\/span><\/p>\n<p class=\"m_-365233336384895981x_MsoNormal\"><span lang=\"ES\">Record\u00f3 que en diferentes reuniones, todos los gobernadores del pa\u00eds ya expresaron su inter\u00e9s en la necesidad de que se dise\u00f1ara una ley de ese tipo.<\/span><\/p>\n<p class=\"m_-365233336384895981x_MsoNormal\"><span lang=\"ES\">Por esa raz\u00f3n, anticip\u00f3 que este lunes en el Senado ser\u00e1 congruente con todo lo que ha dicho en torno al tema, entre otras cosas, porque el caso de Guerrero es muy significativo, si se quiere hablar sobre la pertinencia de la LSI.<\/span><\/p>\n<p class=\"m_-365233336384895981x_MsoNormal\"><span lang=\"ES\">Reconoci\u00f3 que existen voces muy responsables que expresan posturas en contra, pero manifest\u00f3 que vale la pena escuchar a quienes respaldan la minuta que ya fue votada a favor en la c\u00e1mara de diputados federales, porque ese es un ejercicio de las garant\u00edas que consagra la Constituci\u00f3n General de la Rep\u00fablica.<\/span><\/p>\n<p class=\"m_-365233336384895981x_MsoNormal\"><span lang=\"ES\">Precis\u00f3 que Guerrero atraviesa una circunstancia social muy complicada, de ah\u00ed que de manera recurrente se necesite del respaldo de la federaci\u00f3n.<\/span><\/p>\n<p class=\"m_-365233336384895981x_MsoNormal\"><span lang=\"ES\">Record\u00f3 que en los hechos Guerrero ha requerido&nbsp;&nbsp;el respaldo de las fuerzas federales, aunque hasta el momento se ha tenido con muchas limitaciones, lo que se puede comprobar con los momentos de crisis que se han vivido en diferentes puntos de la sierra.<\/span><\/p>\n<p class=\"m_-365233336384895981x_MsoNormal\"><span lang=\"ES\">\u201cEs muy evidente que necesitamos m\u00e1s recursos materiales y m\u00e1s recursos humanos, ante la debilidad de las instituciones\u201d, asever\u00f3.<\/span><\/p>\n<p class=\"m_-365233336384895981x_MsoNormal\"><span lang=\"ES\">A dos a\u00f1os de permanecer al frente del gobierno estatal, admiti\u00f3 que la debilidad de las instituciones prevalece, muy en contra de su voluntad.<\/span><\/p>\n","protected":false},"excerpt":{"rendered":"<p>Es inevitable la debilidad de las institucion&nbsp; El gobernador H\u00e9ctor Astudillo Flores ratific\u00f3 su respaldo a la Ley de Seguridad Interior (LSI), aunque aclar\u00f3 que solo mientras esta permanezca vigente&hellip; <\/p>\n","protected":false},"author":1,"featured_media":0,"comment_status":"closed","ping_status":"closed","sticky":false,"template":"","format":"standard","meta":{"fifu_image_url":"","fifu_image_alt":"","footnotes":""},"categories":[8,11],"tags":[],"class_list":["post-10849","post","type-post","status-publish","format-standard","hentry","category-featured","category-guerrero"],"_links":{"self":[{"href":"https:\/\/www.interaccionnoticias.com.mx\/index.php?rest_route=\/wp\/v2\/posts\/10849","targetHints":{"allow":["GET"]}}],"collection":[{"href":"https:\/\/www.interaccionnoticias.com.mx\/index.php?rest_route=\/wp\/v2\/posts"}],"about":[{"href":"https:\/\/www.interaccionnoticias.com.mx\/index.php?rest_route=\/wp\/v2\/types\/post"}],"author":[{"embeddable":true,"href":"https:\/\/www.interaccionnoticias.com.mx\/index.php?rest_route=\/wp\/v2\/users\/1"}],"replies":[{"embeddable":true,"href":"https:\/\/www.interaccionnoticias.com.mx\/index.php?rest_route=%2Fwp%2Fv2%2Fcomments&post=10849"}],"version-history":[{"count":0,"href":"https:\/\/www.interaccionnoticias.com.mx\/index.php?rest_route=\/wp\/v2\/posts\/10849\/revisions"}],"wp:attachment":[{"href":"https:\/\/www.interaccionnoticias.com.mx\/index.php?rest_route=%2Fwp%2Fv2%2Fmedia&parent=10849"}],"wp:term":[{"taxonomy":"category","embeddable":true,"href":"https:\/\/www.interaccionnoticias.com.mx\/index.php?rest_route=%2Fwp%2Fv2%2Fcategories&post=10849"},{"taxonomy":"post_tag","embeddable":true,"href":"https:\/\/www.interaccionnoticias.com.mx\/index.php?rest_route=%2Fwp%2Fv2%2Ftags&post=10849"}],"curies":[{"name":"wp","href":"https:\/\/api.w.org\/{rel}","templated":true}]}}