{"id":10833,"date":"2017-12-08T19:51:44","date_gmt":"2017-12-09T01:51:44","guid":{"rendered":"http:\/\/www.inter-accion.com.mx\/?p=10833"},"modified":"2017-12-08T19:51:44","modified_gmt":"2017-12-09T01:51:44","slug":"comparecen-ante-el-congreso-aspirantes-a-fiscalias-especiales","status":"publish","type":"post","link":"https:\/\/www.interaccionnoticias.com.mx\/?p=10833","title":{"rendered":"Comparecen ante el Congreso aspirantes a fiscal\u00edas especiales"},"content":{"rendered":"<h3><strong>En delitos electorales y desaparici\u00f3n de personas<\/strong><\/h3>\n<p class=\"m_1661066334170561788x_MsoNormal\"><span lang=\"ES\">Este viernes comparecieron ante la comisi\u00f3n de Justicia del Congreso local los aspirantes a ocupar dos fiscal\u00eda especiales dentro de la estructura de la Fiscal\u00eda General del Estado (FGE); la de delitos electorales y la de Desaparici\u00f3n Forzada y B\u00fasqueda de Personas.<\/span><\/p>\n<p class=\"m_1661066334170561788x_MsoNormal\"><span lang=\"ES\">Los trabajos estuvieron coordinados por el presidente de la Comisi\u00f3n de Justicia del Congreso local, H\u00e9ctor Vicario Castrej\u00f3n, quien se\u00f1al\u00f3 que se trata de un procedimiento que va encaminado a conocer el plan de trabajo que tienen los conocedores del derecho propuestos por el titular de la FGE, Javier Olea Pela\u00e9z.<\/span><\/p>\n<p class=\"m_1661066334170561788x_MsoNormal\"><span lang=\"ES\">El primer abogado que hizo una presentaci\u00f3n ante los diputados locales fue Antonio Sebasti\u00e1n Ortu\u00f1o, a quien se propone como aspirante a encabezar la Fiscal\u00eda Especializada en la Atenci\u00f3n de Delitos Electorales (Fepade), quien cont\u00f3 con un espacio de 15 minutos para exponer su plan de trabajo, en tanto que los diputados integrantes de la comisi\u00f3n tuvieron tambi\u00e9n la oportunidad de hacer preguntas y observaciones.<\/span><\/p>\n<p class=\"m_1661066334170561788x_MsoNormal\"><span lang=\"ES\">Sigui\u00f3 el turno de Mar\u00eda Guadalupe Rend\u00f3n Ram\u00edrez, a quien se propone para ocupar la Fiscal\u00eda Especializada en Materia de Desaparici\u00f3n Forzada y B\u00fasqueda de Personas Desaparecidas.<\/span><\/p>\n<p class=\"m_1661066334170561788x_MsoNormal\"><span lang=\"ES\">En este caso, se anota que la Fiscal\u00eda fue creada por el Congreso local en diciembre de 2015, pero fue hasta dos a\u00f1os despu\u00e9s que se hizo la propuesta encaminada a nombrar un titular.<\/span><\/p>\n<p class=\"m_1661066334170561788x_MsoNormal\"><span lang=\"ES\">De acuerdo con el diputado Vicario Castrej\u00f3n, presidente de la comisi\u00f3n encaminada a desahogar el procedimiento de designaci\u00f3n, lo que resta es revisar el contenido de las exposiciones hechas por los aspirantes.<\/span><\/p>\n<p class=\"m_1661066334170561788x_MsoNormal\"><span lang=\"ES\">Una vez que los diputados hagan la valoraci\u00f3n correspondiente estar\u00e1n en condiciones de elaborar un dictamen, para responder al titular de la FGE, Javier Olea si los nombramientos se validan o si es necesario que haga nuevas propuestas.<\/span><\/p>\n","protected":false},"excerpt":{"rendered":"<p>En delitos electorales y desaparici\u00f3n de personas Este viernes comparecieron ante la comisi\u00f3n de Justicia del Congreso local los aspirantes a ocupar dos fiscal\u00eda especiales dentro de la estructura de&hellip; <\/p>\n","protected":false},"author":1,"featured_media":0,"comment_status":"closed","ping_status":"closed","sticky":false,"template":"","format":"standard","meta":{"fifu_image_url":"","fifu_image_alt":"","footnotes":""},"categories":[2,8],"tags":[],"class_list":["post-10833","post","type-post","status-publish","format-standard","hentry","category-congreso","category-featured"],"_links":{"self":[{"href":"https:\/\/www.interaccionnoticias.com.mx\/index.php?rest_route=\/wp\/v2\/posts\/10833","targetHints":{"allow":["GET"]}}],"collection":[{"href":"https:\/\/www.interaccionnoticias.com.mx\/index.php?rest_route=\/wp\/v2\/posts"}],"about":[{"href":"https:\/\/www.interaccionnoticias.com.mx\/index.php?rest_route=\/wp\/v2\/types\/post"}],"author":[{"embeddable":true,"href":"https:\/\/www.interaccionnoticias.com.mx\/index.php?rest_route=\/wp\/v2\/users\/1"}],"replies":[{"embeddable":true,"href":"https:\/\/www.interaccionnoticias.com.mx\/index.php?rest_route=%2Fwp%2Fv2%2Fcomments&post=10833"}],"version-history":[{"count":0,"href":"https:\/\/www.interaccionnoticias.com.mx\/index.php?rest_route=\/wp\/v2\/posts\/10833\/revisions"}],"wp:attachment":[{"href":"https:\/\/www.interaccionnoticias.com.mx\/index.php?rest_route=%2Fwp%2Fv2%2Fmedia&parent=10833"}],"wp:term":[{"taxonomy":"category","embeddable":true,"href":"https:\/\/www.interaccionnoticias.com.mx\/index.php?rest_route=%2Fwp%2Fv2%2Fcategories&post=10833"},{"taxonomy":"post_tag","embeddable":true,"href":"https:\/\/www.interaccionnoticias.com.mx\/index.php?rest_route=%2Fwp%2Fv2%2Ftags&post=10833"}],"curies":[{"name":"wp","href":"https:\/\/api.w.org\/{rel}","templated":true}]}}