{"id":10797,"date":"2017-12-07T18:53:10","date_gmt":"2017-12-08T00:53:10","guid":{"rendered":"http:\/\/www.inter-accion.com.mx\/?p=10797"},"modified":"2017-12-07T18:53:10","modified_gmt":"2017-12-08T00:53:10","slug":"prd-guerrero-avala-la-ley-de-seguridad-interior","status":"publish","type":"post","link":"https:\/\/www.interaccionnoticias.com.mx\/?p=10797","title":{"rendered":"PRD-Guerrero avala la Ley de Seguridad interior"},"content":{"rendered":"<div id=\"m1891\" class=\"mail-message expanded\">\n<div class=\"mail-message-content collapsible zoom-normal mail-show-images m16033639b95e0413\">\n<div class=\"clear\">\n<div dir=\"ltr\">\n<div id=\"m_-8367264175772969383divtagdefaultwrapper\" dir=\"ltr\">\n<div>\n<div dir=\"ltr\">\n<div id=\"m_-8367264175772969383x_divtagdefaultwrapper\" dir=\"ltr\">\n<p class=\"m_-8367264175772969383x_MsoListParagraphCxSpFirst\"><span lang=\"ES\">Tras reunirse con el gobernador H\u00e9ctor Astudillo<\/span><\/p>\n<p class=\"m_-8367264175772969383x_MsoNormal\"><span lang=\"ES\">SNI<\/span><\/p>\n<p class=\"m_-8367264175772969383x_MsoNormal\"><span lang=\"ES\">&nbsp;<\/span><\/p>\n<p class=\"m_-8367264175772969383x_MsoNormal\"><span lang=\"ES\">La dirigencia estatal el PRD, sus diputados locales y federales dieron su aval a la Ley de Seguridad Interior, tras reunirse en privado con el gobernador H\u00e9ctor Astudillo Flores y dialogar sobre el denominado Pacto por la Seguridad en el Estado, tambi\u00e9n se plante\u00f3 que se revise la pertinencia de mantener al abogado Javier Olea Pel\u00e1ez al frente de la Fiscal\u00eda General del Estado (FGE).<\/span><\/p>\n<p class=\"m_-8367264175772969383x_MsoNormal\"><span lang=\"ES\">La reuni\u00f3n se desarroll\u00f3 en privado en la sala de la Rep\u00fablica de la residencia oficial Casa Guerrero, en donde el presidente del Comit\u00e9 Ejecutivo Estatal (CEE) del PRD encabez\u00f3 a la comisi\u00f3n que por espacio de cuatro horas dialog\u00f3 con el gobernador Astudillo Flores.&nbsp;&nbsp;&nbsp;&nbsp;&nbsp;&nbsp;&nbsp;&nbsp;&nbsp;&nbsp;<\/span><\/p>\n<p class=\"m_-8367264175772969383x_MsoNormal\"><span lang=\"ES\">Para dialogar con los medios e comunicaci\u00f3n, el dirigente del partido del sol azteca, Ricardo Angel Barrientos R\u00edos estuvo acompa\u00f1ado por su secretario general, Arturo Catal\u00e1n Bastida, el alcalde de Eduardo Neri, Pablo Higuera Fuentes y la coordinadora de los diputados locales Erika Alcaraz Sosa.<\/span><\/p>\n<p class=\"m_-8367264175772969383x_MsoNormal\"><span lang=\"ES\">A prisa sali\u00f3 del lugar el presidente municipal de Acapulco, Jes\u00fas Evodio Vel\u00e1zquez Aguirre, en tanto que se reservaron de tener contacto con los medios el diputado local con licencia, Sebasti\u00e1n de la Rosa Pel\u00e1ez y el presidente de San Miguel Totolapan, Juan Mendoza Acosta, entre otros,<\/span><\/p>\n<p class=\"m_-8367264175772969383x_MsoNormal\"><span lang=\"ES\">&nbsp;<\/span><\/p>\n<p class=\"m_-8367264175772969383x_MsoNormal\"><span lang=\"ES\">De los puntos de acuerdo<\/span><\/p>\n<p class=\"m_-8367264175772969383x_MsoNormal\"><span lang=\"ES\">&nbsp;<\/span><\/p>\n<p class=\"m_-8367264175772969383x_MsoNormal\"><span lang=\"ES\">En la explicaci\u00f3n sobre el contenido de la reuni\u00f3n, el presidente del CEE perredista manifest\u00f3 que el PRD siempre se ha pronunciado a favor de reducir la brecha de desigualdad social que existe en Guerrero y el pa\u00eds.<\/span><\/p>\n<p class=\"m_-8367264175772969383x_MsoNormal\"><span lang=\"ES\">Tambi\u00e9n destac\u00f3 que el tema del combate al narcotr\u00e1fico se reconoce como un detonante para que se dispare la delincuencia el crimen organizado, por eso es que se admite la necesidad de revisar la pertinencia de las pol\u00edticas p\u00fablicas que se han puesto en marcha hasta el momento.&nbsp;&nbsp;&nbsp;&nbsp;&nbsp;&nbsp;&nbsp;<\/span><\/p>\n<p class=\"m_-8367264175772969383x_MsoNormal\"><span lang=\"ES\">Explic\u00f3 que el PRD ha solicitado al gobierno estatal y los ayuntamientos mayor coordinaci\u00f3n en temas de inter\u00e9s com\u00fan, independientemente de la filiaci\u00f3n pol\u00edtica que se tiene, en aras de tener mejores resultados.<\/span><\/p>\n<p class=\"m_-8367264175772969383x_MsoNormal\"><span lang=\"ES\">\u201cHemos acudido a este llamado que es importante y que la sociedad nos exige, la sociedad nos ordena sumarnos para lograr la reestructuraci\u00f3n del tejido social en la entidad, hemos acordado que los di\u00e1logos continuar\u00e1n para poder presentar una propuesta que pueda reorientar las pol\u00edticas p\u00fablicas, en la b\u00fasqueda de ofrecer mejores resultaos\u201d, anot\u00f3.<\/span><\/p>\n<p class=\"m_-8367264175772969383x_MsoNormal\"><span lang=\"ES\">&nbsp;&nbsp;&nbsp;&nbsp;&nbsp;&nbsp;&nbsp;&nbsp;&nbsp;&nbsp;<\/span><\/p>\n<p class=\"m_-8367264175772969383x_MsoNormal\"><span lang=\"ES\">Plantean revisar la permanencia del fiscal Javier Olea Pel\u00e1ez<\/span><\/p>\n<p class=\"m_-8367264175772969383x_MsoNormal\"><span lang=\"ES\">&nbsp;<\/span><\/p>\n<p class=\"m_-8367264175772969383x_MsoNormal\"><span lang=\"ES\">En la breve ronda de preguntas y respuestas, el dirigente estatal del PRD sostuvo que en la b\u00fasqueda de recuperar la tranquilidad social para el estado, el PRD no pondr\u00e1 ning\u00fan tipo de objeci\u00f3n.<\/span><\/p>\n<p class=\"m_-8367264175772969383x_MsoNormal\"><span lang=\"ES\">En el encuentro, los dirigentes del partido amarillo solicitaron que la FGE aporte resultados en las investigaciones de cada uno de los casos, para en su momento, revisar la pertinencia de que el abogado Olea Pel\u00e1ez permanezca en el cargo.<\/span><\/p>\n<p class=\"m_-8367264175772969383x_MsoNormal\"><span lang=\"ES\">\u201cNosotros creemos que debemos tener una fiscal\u00eda que garantice no solo la impartici\u00f3n de justicia, si no que sea una fiscal\u00eda que garantice resultados\u201d, anot\u00f3.<\/span><\/p>\n<p class=\"m_-8367264175772969383x_MsoNormal\"><span lang=\"ES\">Lo anterior, porque en el \u00e1nimo de la opini\u00f3n p\u00fablica hay la percepci\u00f3n de que los resultados en materia de persecuci\u00f3n del delito no son los deseados.&nbsp;&nbsp;<\/span><\/p>\n<p class=\"m_-8367264175772969383x_MsoNormal\"><span lang=\"ES\">Entre otras cosas, gobierno, dirigentes y autoridades emanadas del PRD hablaron sobre la posibilidad de reorientar algunos recursos destinados para el campo y Desarrollo Econ\u00f3mico, con la intenci\u00f3n de contribuir en la generaci\u00f3n de oportunidades de desarrollo para la poblaci\u00f3n.<\/span><\/p>\n<p class=\"m_-8367264175772969383x_MsoNormal\"><span lang=\"ES\">Adem\u00e1s, pidieron que haya un mayor respaldo de parte el gobierno federal, principalmente en materia de capacitaci\u00f3n de los cuerpos policiacos municipales.<\/span><\/p>\n<p class=\"m_-8367264175772969383x_MsoNormal\"><span lang=\"ES\">&nbsp;<\/span><\/p>\n<p class=\"m_-8367264175772969383x_MsoNormal\"><span lang=\"ES\">Respaldan la LSI<\/span><\/p>\n<p class=\"m_-8367264175772969383x_MsoNormal\"><span lang=\"ES\">&nbsp;<\/span><\/p>\n<p class=\"m_-8367264175772969383x_MsoNormal\"><span lang=\"ES\">En cuanto a la Ley de Seguridad Interior, que el gobernador Astudillo respalda abiertamente, el dirigente del PRD-Guerrero reconoci\u00f3 que hist\u00f3ricamente, en Guerrero la intervenci\u00f3n de la milicia ha generado muchas violaciones a los derechos humanos.<\/span><\/p>\n<p class=\"m_-8367264175772969383x_MsoNormal\"><span lang=\"ES\">Pero anot\u00f3: \u201cSolo queremos garantizar que las voces de los pueblos no sean acalladas, nosotros creemos que el tema de la intervenci\u00f3n del Ej\u00e9rcito en estas tareas es necesaria, s\u00ed, tenemos instituciones con bastante debilidad y necesitaos la atenci\u00f3n y el respaldo de ellos (los militares) per tambi\u00e9n que nos garanticen que no vamos a violar los derechos de tanta gente que e alguna manera se manifiesta en las calles\u201d.<\/span><\/p>\n<p class=\"m_-8367264175772969383x_MsoNormal\"><span lang=\"ES\">De hecho, no se descart\u00f3 la posibilidad de que ante la cercan\u00eda del proceso electoral federal de 2018, la fuerza militar pueda utilizarse para sofocar la inconformidad social\u201d.<\/span><\/p>\n<\/div>\n<\/div>\n<\/div>\n<\/div>\n<\/div>\n<\/div>\n<\/div>\n<div class=\"mail-message-footer spacer collapsible\">&nbsp;<\/div>\n<\/div>\n","protected":false},"excerpt":{"rendered":"<p>Tras reunirse con el gobernador H\u00e9ctor Astudillo SNI &nbsp; La dirigencia estatal el PRD, sus diputados locales y federales dieron su aval a la Ley de Seguridad Interior, tras reunirse&hellip; <\/p>\n","protected":false},"author":1,"featured_media":0,"comment_status":"closed","ping_status":"closed","sticky":false,"template":"","format":"standard","meta":{"fifu_image_url":"","fifu_image_alt":"","footnotes":""},"categories":[8,18],"tags":[],"class_list":["post-10797","post","type-post","status-publish","format-standard","hentry","category-featured","category-partidos-politicos"],"_links":{"self":[{"href":"https:\/\/www.interaccionnoticias.com.mx\/index.php?rest_route=\/wp\/v2\/posts\/10797","targetHints":{"allow":["GET"]}}],"collection":[{"href":"https:\/\/www.interaccionnoticias.com.mx\/index.php?rest_route=\/wp\/v2\/posts"}],"about":[{"href":"https:\/\/www.interaccionnoticias.com.mx\/index.php?rest_route=\/wp\/v2\/types\/post"}],"author":[{"embeddable":true,"href":"https:\/\/www.interaccionnoticias.com.mx\/index.php?rest_route=\/wp\/v2\/users\/1"}],"replies":[{"embeddable":true,"href":"https:\/\/www.interaccionnoticias.com.mx\/index.php?rest_route=%2Fwp%2Fv2%2Fcomments&post=10797"}],"version-history":[{"count":0,"href":"https:\/\/www.interaccionnoticias.com.mx\/index.php?rest_route=\/wp\/v2\/posts\/10797\/revisions"}],"wp:attachment":[{"href":"https:\/\/www.interaccionnoticias.com.mx\/index.php?rest_route=%2Fwp%2Fv2%2Fmedia&parent=10797"}],"wp:term":[{"taxonomy":"category","embeddable":true,"href":"https:\/\/www.interaccionnoticias.com.mx\/index.php?rest_route=%2Fwp%2Fv2%2Fcategories&post=10797"},{"taxonomy":"post_tag","embeddable":true,"href":"https:\/\/www.interaccionnoticias.com.mx\/index.php?rest_route=%2Fwp%2Fv2%2Ftags&post=10797"}],"curies":[{"name":"wp","href":"https:\/\/api.w.org\/{rel}","templated":true}]}}