{"id":10781,"date":"2017-12-06T18:52:37","date_gmt":"2017-12-07T00:52:37","guid":{"rendered":"http:\/\/www.inter-accion.com.mx\/?p=10781"},"modified":"2017-12-06T18:52:37","modified_gmt":"2017-12-07T00:52:37","slug":"inviable-la-amnistia-para-los-capos-del-narco-opinan-en-el-congreso","status":"publish","type":"post","link":"https:\/\/www.interaccionnoticias.com.mx\/?p=10781","title":{"rendered":"Inviable, la amnist\u00eda para los capos del narco, opinan en el Congreso"},"content":{"rendered":"<h3><strong>Los agraviados pueden perdonar en el sentido moral, el Estado no puede actuar con ese nivel de debilidad<\/strong><\/h3>\n<p class=\"m_3630226286406031786x_MsoNormal\">El presidente de la Comisi\u00f3n de Seguridad P\u00fablica del Congreso local, Ricardo Mej\u00eda Berdeja sostuvo que los lideres del crimen organizado en la entidad no pueden ser objeto de una amnist\u00eda, por el nivel de violencia con el que han actuado contra las v\u00edctimas.<\/p>\n<p class=\"m_3630226286406031786x_MsoNormal\"><span lang=\"ES\">De manera inicial, Mej\u00eda Berdeja sostuvo que los integrantes del crimen organizado no pueden ser considerados para el beneficio de una figura legal reservada por luchadores sociales, porque se trata de personas que de ninguna manera reivindican banderas ideol\u00f3gicas.<\/span><\/p>\n<p class=\"m_3630226286406031786x_MsoNormal\"><span lang=\"ES\">\u201cYo estoy completamente en contra de esa propuesta (la amnist\u00eda), pues los cientos y miles de v\u00edctimas de la violencia no pueden asumir que no haya castigo frente a hechos brutales, de violencia y crueldad en contra de sus seres queridos\u201d, dijo en un primer instante.<\/span><\/p>\n<p class=\"m_3630226286406031786x_MsoNormal\"><span lang=\"ES\">En consecuencia, dijo que lo que se debe poner en marcha es una pol\u00edtica publica inteligente, que abarque desde acciones de prevenci\u00f3n del delito, el combate a la criminalidad hasta la aplicaci\u00f3n correcta de las sanciones.<\/span><\/p>\n<p class=\"m_3630226286406031786x_MsoNormal\"><span lang=\"ES\">Agreg\u00f3: \u201cNo estamos hablando de dirigentes pol\u00edticos, de una guerrilla o de un movimiento social; estamos ante criminales que matan, violan, descuartizan y queman a personas, ustedes (los medios de comunicaci\u00f3n) han visto videos en los que se mata a personas frente a c\u00e1mara y no puede llegar alguien y plantear que se les otorgue el perd\u00f3n\u201d, anot\u00f3.<\/span><\/p>\n<p class=\"m_3630226286406031786x_MsoNormal\"><span lang=\"ES\">El diputado Mej\u00eda consider\u00f3 lo dicho por L\u00f3pez Obrador en Quechultenango y ratificado en Tixtla como una declaraci\u00f3n sumamente desafortunada, pero indic\u00f3 que lo deseable es que no se trate de una convicci\u00f3n personal del principal dirigente del Movimiento de Regeneraci\u00f3n Nacional (Morena), porque eso generar\u00eda mucha preocupaci\u00f3n.<\/span><\/p>\n<p class=\"m_3630226286406031786x_MsoNormal\"><span lang=\"ES\">Lo correcto, indic\u00f3, es que a los criminales se les aplique la ley con todo rigor, para que al mismo tiempo se pongan en marcha pol\u00edticas sociales para evitar que m\u00e1s j\u00f3venes se sumen a la delincuencia.<\/span><\/p>\n<p class=\"m_3630226286406031786x_MsoNormal\"><span lang=\"ES\">No descart\u00f3 la posibilidad de que las familias agraviadas tengan en su momento la voluntad de otorgar el perd\u00f3n desde la perspectiva de la fe, en un sentido&nbsp;&nbsp;completamente moral o cristiano, pero asever\u00f3 que el Estado&nbsp;&nbsp;de ninguna manera se puede permitir un gesto de debilidad de ese tama\u00f1o.<\/span><\/p>\n<p class=\"m_3630226286406031786x_MsoNormal\"><span lang=\"ES\">\u201cAlguien no puede permitirse el cometer todo tipo de delitos, al cabo que despu\u00e9s puede invocar el perd\u00f3n por medio de la amnist\u00eda, eso llevar\u00eda a muchas personas a proceder con un gran sentido de perversidad\u201d, asever\u00f3.<\/span><\/p>\n","protected":false},"excerpt":{"rendered":"<p>Los agraviados pueden perdonar en el sentido moral, el Estado no puede actuar con ese nivel de debilidad El presidente de la Comisi\u00f3n de Seguridad P\u00fablica del Congreso local, Ricardo&hellip; <\/p>\n","protected":false},"author":1,"featured_media":0,"comment_status":"closed","ping_status":"closed","sticky":false,"template":"","format":"standard","meta":{"fifu_image_url":"","fifu_image_alt":"","footnotes":""},"categories":[2,8],"tags":[],"class_list":["post-10781","post","type-post","status-publish","format-standard","hentry","category-congreso","category-featured"],"_links":{"self":[{"href":"https:\/\/www.interaccionnoticias.com.mx\/index.php?rest_route=\/wp\/v2\/posts\/10781","targetHints":{"allow":["GET"]}}],"collection":[{"href":"https:\/\/www.interaccionnoticias.com.mx\/index.php?rest_route=\/wp\/v2\/posts"}],"about":[{"href":"https:\/\/www.interaccionnoticias.com.mx\/index.php?rest_route=\/wp\/v2\/types\/post"}],"author":[{"embeddable":true,"href":"https:\/\/www.interaccionnoticias.com.mx\/index.php?rest_route=\/wp\/v2\/users\/1"}],"replies":[{"embeddable":true,"href":"https:\/\/www.interaccionnoticias.com.mx\/index.php?rest_route=%2Fwp%2Fv2%2Fcomments&post=10781"}],"version-history":[{"count":0,"href":"https:\/\/www.interaccionnoticias.com.mx\/index.php?rest_route=\/wp\/v2\/posts\/10781\/revisions"}],"wp:attachment":[{"href":"https:\/\/www.interaccionnoticias.com.mx\/index.php?rest_route=%2Fwp%2Fv2%2Fmedia&parent=10781"}],"wp:term":[{"taxonomy":"category","embeddable":true,"href":"https:\/\/www.interaccionnoticias.com.mx\/index.php?rest_route=%2Fwp%2Fv2%2Fcategories&post=10781"},{"taxonomy":"post_tag","embeddable":true,"href":"https:\/\/www.interaccionnoticias.com.mx\/index.php?rest_route=%2Fwp%2Fv2%2Ftags&post=10781"}],"curies":[{"name":"wp","href":"https:\/\/api.w.org\/{rel}","templated":true}]}}