{"id":10773,"date":"2017-12-06T07:08:05","date_gmt":"2017-12-06T13:08:05","guid":{"rendered":"http:\/\/www.inter-accion.com.mx\/?p=10773"},"modified":"2017-12-06T07:08:05","modified_gmt":"2017-12-06T13:08:05","slug":"palomean-a-ex-funcionario-de-la-uag-para-presidencia-del-iepc","status":"publish","type":"post","link":"https:\/\/www.interaccionnoticias.com.mx\/?p=10773","title":{"rendered":"Palomean a ex funcionario de la UAG para presidencia del IEPC"},"content":{"rendered":"<p>El Consejo General del Instituto Nacional Electoral (INE) podr\u00eda aprobar el viernes, la designaci\u00f3n de Jos\u00e9 Nazar\u00edn Vargas Armenta como consejero presidente del Instituto Electoral y de Participaci\u00f3n Ciudadana (IEPC) para el periodo 2017-2021.<br \/>\nEl nombre del ex secretario general de la Universidad Aut\u00f3noma de Guerrero (UAG) fue propuesto por la Comisi\u00f3n de Vinculaci\u00f3n con Organismos P\u00fablicos Locales (OPLES) al concluir las cinco etapas de la convocatoria para elegir al consejero presidente.<br \/>\nEl d\u00eda lunes, tras una entrevista a los \u00faltimos cinco aspirantes hombres y cinco mujeres, por unanimidad los integrantes de la comisi\u00f3n concluyeron que Vargas Armenta, era el ciudadano id\u00f3neo a ocupar el cargo.<br \/>\nLa propuesta ser\u00e1 llevada ante el Consejo General del INE el pr\u00f3ximo viernes, donde podr\u00e1 ser avalada por sus integrantes o en su caso modificarse.<br \/>\nVargas Armenta ha sido se\u00f1alado por Sergio Montes Carrillo, representante de Movimiento Regeneraci\u00f3n Nacional (MORENA), como simpatizante del Partido Revolucionario Institucional (PRI), incluso fue el morenista quien augur\u00f3 su llegada a la presidencia del IEPC, en reemplazo de Cinthya Citlali D\u00edaz Fuentes, que a su vez relev\u00f3 a Marisela Reyes Reyes tras renunciar.<br \/>\nEl aspirante \u201cid\u00f3neo\u201d para convertirse en el pr\u00f3ximo presidente del IEPC, ya hab\u00eda sido parte del \u00f3rgano colegiado, y actualmente funge como asesor jur\u00eddico del rector de la m\u00e1xima casa de estudios en la entidad, Javier Salda\u00f1a Almaz\u00e1n.<br \/>\nDe aprobarse la propuesta de la Comisi\u00f3n de Vinculaci\u00f3n con Organismos P\u00fablicos Locales, Jos\u00e9 Nazar\u00edn Vargas podr\u00eda tomar posesi\u00f3n de la presidencia del IEPC el pr\u00f3ximo 11 de diciembre.<\/p>\n","protected":false},"excerpt":{"rendered":"<p>El Consejo General del Instituto Nacional Electoral (INE) podr\u00eda aprobar el viernes, la designaci\u00f3n de Jos\u00e9 Nazar\u00edn Vargas Armenta como consejero presidente del Instituto Electoral y de Participaci\u00f3n Ciudadana (IEPC)&hellip; <\/p>\n","protected":false},"author":1,"featured_media":0,"comment_status":"closed","ping_status":"closed","sticky":false,"template":"","format":"standard","meta":{"fifu_image_url":"","fifu_image_alt":"","footnotes":""},"categories":[8,17],"tags":[],"class_list":["post-10773","post","type-post","status-publish","format-standard","hentry","category-featured","category-organos-electorales"],"_links":{"self":[{"href":"https:\/\/www.interaccionnoticias.com.mx\/index.php?rest_route=\/wp\/v2\/posts\/10773","targetHints":{"allow":["GET"]}}],"collection":[{"href":"https:\/\/www.interaccionnoticias.com.mx\/index.php?rest_route=\/wp\/v2\/posts"}],"about":[{"href":"https:\/\/www.interaccionnoticias.com.mx\/index.php?rest_route=\/wp\/v2\/types\/post"}],"author":[{"embeddable":true,"href":"https:\/\/www.interaccionnoticias.com.mx\/index.php?rest_route=\/wp\/v2\/users\/1"}],"replies":[{"embeddable":true,"href":"https:\/\/www.interaccionnoticias.com.mx\/index.php?rest_route=%2Fwp%2Fv2%2Fcomments&post=10773"}],"version-history":[{"count":0,"href":"https:\/\/www.interaccionnoticias.com.mx\/index.php?rest_route=\/wp\/v2\/posts\/10773\/revisions"}],"wp:attachment":[{"href":"https:\/\/www.interaccionnoticias.com.mx\/index.php?rest_route=%2Fwp%2Fv2%2Fmedia&parent=10773"}],"wp:term":[{"taxonomy":"category","embeddable":true,"href":"https:\/\/www.interaccionnoticias.com.mx\/index.php?rest_route=%2Fwp%2Fv2%2Fcategories&post=10773"},{"taxonomy":"post_tag","embeddable":true,"href":"https:\/\/www.interaccionnoticias.com.mx\/index.php?rest_route=%2Fwp%2Fv2%2Ftags&post=10773"}],"curies":[{"name":"wp","href":"https:\/\/api.w.org\/{rel}","templated":true}]}}