{"id":10689,"date":"2017-12-04T17:39:55","date_gmt":"2017-12-04T23:39:55","guid":{"rendered":"http:\/\/www.inter-accion.com.mx\/?p=10689"},"modified":"2017-12-04T17:39:55","modified_gmt":"2017-12-04T23:39:55","slug":"bajense-de-sus-carros-blindados-dice-felix-salgado-a-quienes-critican-la-amnistia-propuesta-por-amlo","status":"publish","type":"post","link":"https:\/\/www.interaccionnoticias.com.mx\/?p=10689","title":{"rendered":"\u201cB\u00e1jense de sus carros blindados\u201d, dice F\u00e9lix Salgado a quienes critican la amnist\u00eda propuesta por AMLO"},"content":{"rendered":"<p>La v\u00eda de las balas y los retenes no funciona, sostiene&nbsp;<span lang=\"ES\">&nbsp;<\/span><\/p>\n<p class=\"m_-900682957286571036x_MsoNormal\"><span lang=\"ES\">El coordinador estatal de organizaci\u00f3n del Movimiento de Regeneraci\u00f3n Nacional (Morena), F\u00e9lix Salgado Macedonio propuso que quienes critican la amnist\u00eda propuesta por Andr\u00e9s Manuel L\u00f3pez Obrador se bajen de sus carros blindados, se despojen de sus equipos de seguridad y vayan a visitar los pueblos sometidos por la delincuencia.<\/span><\/p>\n<p class=\"m_-900682957286571036x_MsoNormal\"><span lang=\"ES\">V\u00eda telef\u00f3nica, Salgado Macedonio indic\u00f3 que el tema de la posibilidad de otorgar la amnist\u00eda para los l\u00edderes del crimen, es un asunto que L\u00f3pez Obrador ha planteado de manera abierta y p\u00fablica, con la clara idea de alcanzar la paz que reclama la sociedad.<\/span><\/p>\n<p class=\"m_-900682957286571036x_MsoNormal\"><span lang=\"ES\">Indic\u00f3 que se trata de temas \u201cque se tocan en otro nivel\u201d, pero consider\u00f3 importante observar que es lo que el ciudadano encuentra en las carreteras con la forma que actualmente se combate al crimen.<\/span><\/p>\n<p class=\"m_-900682957286571036x_MsoNormal\"><span lang=\"ES\">\u201cVemos retenes militares, de la Polic\u00eda Federal, estatal, municipales y comunitarios, cuando antes no exist\u00eda eso\u201d, anot\u00f3.<\/span><\/p>\n<p class=\"m_-900682957286571036x_MsoNormal\"><span lang=\"ES\">Dijo que si el gobierno hace su tarea, entonces no hay necesidad de que hayan brotes de autodefensa, pues hay una clara ausencia de instancias que garanticen la seguridad.<\/span><\/p>\n<p class=\"m_-900682957286571036x_MsoNormal\"><span lang=\"ES\">Respecto al argumento de que se le puede decir a las familias de las victimas, cuando se diga que el perpetrador del crimen recibir\u00e1 el perd\u00f3n del gobierno, Salgado Macedonio refiri\u00f3 que lo cierto es que en la mayor\u00eda de los casos ni siquiera se sabe quien fue el culpable.<\/span><\/p>\n<p class=\"m_-900682957286571036x_MsoNormal\"><span lang=\"ES\">\u201cLo que pasa es que como no tienen rostro (los perpetradores), pues no sabes, no conoces quien fue, pero no podemos seguir as\u00ed; tenemos que cambiar y alguien debe tomar una determinaci\u00f3n\u201d, admiti\u00f3.<\/span><\/p>\n<p class=\"m_-900682957286571036x_MsoNormal\"><span lang=\"ES\">Reconoci\u00f3 que no maneja el tema, pero sostuvo que L\u00f3pez Obrador es el hombre p\u00fablico que conoce mejor los problemas del pa\u00eds.<\/span><\/p>\n<p class=\"m_-900682957286571036x_MsoNormal\"><span lang=\"ES\">Es entonces cuando se\u00f1al\u00f3 que quienes critican la propuesta de la amnist\u00eda es porque no conocen la realidad del pa\u00eds, principalmente porque su horizonte se limita a las grandes ciudades.<\/span><\/p>\n<p class=\"m_-900682957286571036x_MsoNormal\"><span lang=\"ES\">\u201cQue se bajen tantito de sus carros blindados y que vayan como un ciudadano com\u00fan; con los vidrios abajo y de manera normal que vayan a pasear o a visitar a los familiares de un lado hacia otro, pero estoy seguro que no van por miedo\u201d, anot\u00f3.<\/span><\/p>\n<p class=\"m_-900682957286571036x_MsoNormal\"><span lang=\"ES\">Record\u00f3 que la estrategia hasta el momento ha sido combatir la inseguridad con balas y con polic\u00edas, cuando es evidente que dicha estrategia no han funcionado, solo ha generado luto y dolor.<\/span><\/p>\n<p class=\"m_-900682957286571036x_MsoNormal\"><span lang=\"ES\">Para Salgado Macedonio, la amnist\u00eda es la opci\u00f3n m\u00e1s viable para pacificar al pa\u00eds, para ellos sugiri\u00f3 recordar lo que pas\u00f3 en su momento en Colombia.<\/span><\/p>\n<p class=\"m_-900682957286571036x_MsoNormal\"><span lang=\"ES\">Lo contrario es seguir por la ruta de las balas, los retenes y la militarizaci\u00f3n.<\/span><\/p>\n<p class=\"m_-900682957286571036x_MsoNormal\"><span lang=\"ES\">&nbsp;<\/span><\/p>\n<p class=\"m_-900682957286571036x_MsoNormal\"><span lang=\"ES\">&nbsp;&nbsp;&nbsp;&nbsp;<\/span><\/p>\n<p class=\"m_-900682957286571036x_MsoNormal\"><span lang=\"ES\">&nbsp;&nbsp;&nbsp;&nbsp;&nbsp;&nbsp;&nbsp;<\/span><\/p>\n","protected":false},"excerpt":{"rendered":"<p>La v\u00eda de las balas y los retenes no funciona, sostiene&nbsp;&nbsp; El coordinador estatal de organizaci\u00f3n del Movimiento de Regeneraci\u00f3n Nacional (Morena), F\u00e9lix Salgado Macedonio propuso que quienes critican la&hellip; <\/p>\n","protected":false},"author":1,"featured_media":0,"comment_status":"closed","ping_status":"closed","sticky":false,"template":"","format":"standard","meta":{"fifu_image_url":"","fifu_image_alt":"","footnotes":""},"categories":[8,18],"tags":[],"class_list":["post-10689","post","type-post","status-publish","format-standard","hentry","category-featured","category-partidos-politicos"],"_links":{"self":[{"href":"https:\/\/www.interaccionnoticias.com.mx\/index.php?rest_route=\/wp\/v2\/posts\/10689","targetHints":{"allow":["GET"]}}],"collection":[{"href":"https:\/\/www.interaccionnoticias.com.mx\/index.php?rest_route=\/wp\/v2\/posts"}],"about":[{"href":"https:\/\/www.interaccionnoticias.com.mx\/index.php?rest_route=\/wp\/v2\/types\/post"}],"author":[{"embeddable":true,"href":"https:\/\/www.interaccionnoticias.com.mx\/index.php?rest_route=\/wp\/v2\/users\/1"}],"replies":[{"embeddable":true,"href":"https:\/\/www.interaccionnoticias.com.mx\/index.php?rest_route=%2Fwp%2Fv2%2Fcomments&post=10689"}],"version-history":[{"count":0,"href":"https:\/\/www.interaccionnoticias.com.mx\/index.php?rest_route=\/wp\/v2\/posts\/10689\/revisions"}],"wp:attachment":[{"href":"https:\/\/www.interaccionnoticias.com.mx\/index.php?rest_route=%2Fwp%2Fv2%2Fmedia&parent=10689"}],"wp:term":[{"taxonomy":"category","embeddable":true,"href":"https:\/\/www.interaccionnoticias.com.mx\/index.php?rest_route=%2Fwp%2Fv2%2Fcategories&post=10689"},{"taxonomy":"post_tag","embeddable":true,"href":"https:\/\/www.interaccionnoticias.com.mx\/index.php?rest_route=%2Fwp%2Fv2%2Ftags&post=10689"}],"curies":[{"name":"wp","href":"https:\/\/api.w.org\/{rel}","templated":true}]}}