{"id":10507,"date":"2017-11-28T08:23:32","date_gmt":"2017-11-28T14:23:32","guid":{"rendered":"http:\/\/www.inter-accion.com.mx\/?p=10507"},"modified":"2017-11-28T08:23:32","modified_gmt":"2017-11-28T14:23:32","slug":"encuentran-dos-cadaveres-calcinados-en-chilapa","status":"publish","type":"post","link":"https:\/\/www.interaccionnoticias.com.mx\/?p=10507","title":{"rendered":"Encuentran dos cad\u00e1veres calcinados en Chilapa"},"content":{"rendered":"<p class=\"m_7052790114924403580x_MsoListParagraph\"><strong>Acusan a los \u201cArdillos\u201d de matar ni\u00f1as&nbsp;&nbsp;<\/strong><\/p>\n<p class=\"m_7052790114924403580x_MsoNormal\">La Polic\u00eda del Estado confirm\u00f3 el hallazgo de dos cad\u00e1veres calcinados frente a la central de autobuses de Chilapa, en la regi\u00f3n Centro de Guerrero.<\/p>\n<p class=\"m_7052790114924403580x_MsoNormal\">De acuerdo al reporte policiaco, el hallazgo se logr\u00f3 a partir de una llamada an\u00f3nima al n\u00famero de emergencias 911.<\/p>\n<p class=\"m_7052790114924403580x_MsoNormal\">En dicho lugar, la polic\u00eda ubic\u00f3 a mitad de la avenida principal dos cuerpos calcinados, los que fueron levantados por el Servicio M\u00e9dico Forense (Semefo) en calidad de desconocidos.<\/p>\n<p class=\"m_7052790114924403580x_MsoNormal\">El fuego deterior\u00f3 los cuerpos a tal grado, que las autoridades desconocen el sexo de las v\u00edctimas.<\/p>\n<p class=\"m_7052790114924403580x_MsoNormal\">Cerca de los cad\u00e1veres se encontr\u00f3 una cartulina, en ella se acusa al grupo delictivo conocido como \u201cLos ardillos\u201d de desaparecer y asesinar a menores de edad, entre particularmente a ni\u00f1as.<\/p>\n","protected":false},"excerpt":{"rendered":"<p>Acusan a los \u201cArdillos\u201d de matar ni\u00f1as&nbsp;&nbsp; La Polic\u00eda del Estado confirm\u00f3 el hallazgo de dos cad\u00e1veres calcinados frente a la central de autobuses de Chilapa, en la regi\u00f3n Centro&hellip; <\/p>\n","protected":false},"author":1,"featured_media":0,"comment_status":"closed","ping_status":"closed","sticky":false,"template":"","format":"standard","meta":{"fifu_image_url":"","fifu_image_alt":"","footnotes":""},"categories":[8,27],"tags":[],"class_list":["post-10507","post","type-post","status-publish","format-standard","hentry","category-featured","category-seguridad-publica"],"_links":{"self":[{"href":"https:\/\/www.interaccionnoticias.com.mx\/index.php?rest_route=\/wp\/v2\/posts\/10507","targetHints":{"allow":["GET"]}}],"collection":[{"href":"https:\/\/www.interaccionnoticias.com.mx\/index.php?rest_route=\/wp\/v2\/posts"}],"about":[{"href":"https:\/\/www.interaccionnoticias.com.mx\/index.php?rest_route=\/wp\/v2\/types\/post"}],"author":[{"embeddable":true,"href":"https:\/\/www.interaccionnoticias.com.mx\/index.php?rest_route=\/wp\/v2\/users\/1"}],"replies":[{"embeddable":true,"href":"https:\/\/www.interaccionnoticias.com.mx\/index.php?rest_route=%2Fwp%2Fv2%2Fcomments&post=10507"}],"version-history":[{"count":0,"href":"https:\/\/www.interaccionnoticias.com.mx\/index.php?rest_route=\/wp\/v2\/posts\/10507\/revisions"}],"wp:attachment":[{"href":"https:\/\/www.interaccionnoticias.com.mx\/index.php?rest_route=%2Fwp%2Fv2%2Fmedia&parent=10507"}],"wp:term":[{"taxonomy":"category","embeddable":true,"href":"https:\/\/www.interaccionnoticias.com.mx\/index.php?rest_route=%2Fwp%2Fv2%2Fcategories&post=10507"},{"taxonomy":"post_tag","embeddable":true,"href":"https:\/\/www.interaccionnoticias.com.mx\/index.php?rest_route=%2Fwp%2Fv2%2Ftags&post=10507"}],"curies":[{"name":"wp","href":"https:\/\/api.w.org\/{rel}","templated":true}]}}