{"id":10504,"date":"2017-11-27T23:24:10","date_gmt":"2017-11-28T05:24:10","guid":{"rendered":"http:\/\/www.inter-accion.com.mx\/?p=10504"},"modified":"2017-11-27T23:24:10","modified_gmt":"2017-11-28T05:24:10","slug":"inaugura-florencio-salazar-adame-concurso-nacional-de-debate-politico","status":"publish","type":"post","link":"https:\/\/www.interaccionnoticias.com.mx\/?p=10504","title":{"rendered":"INAUGURA FLORENCIO SALAZAR ADAME CONCURSO NACIONAL DE DEBATE POLITICO."},"content":{"rendered":"<p><strong>Taxco de Alarc\u00f3n Gro.-<\/strong>&nbsp;El Secretario General de Gobierno, Florencio Salazar Adame, acudi\u00f3 en representaci\u00f3n del Gobernador, H\u00e9ctor Astudillo Flores, al Concurso Nacional de Debate Pol\u00edtico realizado en la ciudad de Taxco de Alarc\u00f3n.<br \/>\nEn su mensaje inaugural el responsable de la pol\u00edtica interna del Estado, argument\u00f3 que Guerrero es una identidad donde la desigualdad se acentu\u00f3 generando menos oportunidades de desarrollo. Asegur\u00f3 que s\u00f3lo con mayores recursos se puede impulsar la generaci\u00f3n de capital humano.<br \/>\nAfirm\u00f3 que M\u00e9xico debe ser un pa\u00eds m\u00e1s uniforme en su desarrollo y menos desigual; invitando a los j\u00f3venes asistentes a que corrijan esa situaci\u00f3n a trav\u00e9s de propuestas, an\u00e1lisis y reflexiones; pidi\u00e9ndoles que en su momento de actuar en pol\u00edtica, tomen decisiones trascendentales para su pa\u00eds.<br \/>\nExtern\u00f3 a los concursantes que deben prepararse constantemente para entrar de lleno a la tecnolog\u00eda que mantiene a la sociedad tan sometida as\u00ed como tambi\u00e9n sumarse como l\u00edderes; acudir a debatir con claridad de ideas, convenciendo con fundamentos y record\u00e1ndoles que en estos tiempos ya no es suficiente una carrera universitaria.<br \/>\nEn nombre del gobernador del estado hizo entrega de dos publicaciones: Formaci\u00f3n Pol\u00edtica del autor Agust\u00edn Y\u00e1\u00f1ez y Cartas a un Joven Pol\u00edtico de Juan Jos\u00e9 Rodr\u00edguez Prats.&nbsp;<br \/>\n\u201cLos j\u00f3venes de hoy viven otras circunstancias y mayores desaf\u00edos que los j\u00f3venes que fuimos ayer\u201d. Finaliz\u00f3<br \/>\n&nbsp;<\/p>\n","protected":false},"excerpt":{"rendered":"<p>Taxco de Alarc\u00f3n Gro.-&nbsp;El Secretario General de Gobierno, Florencio Salazar Adame, acudi\u00f3 en representaci\u00f3n del Gobernador, H\u00e9ctor Astudillo Flores, al Concurso Nacional de Debate Pol\u00edtico realizado en la ciudad de&hellip; <\/p>\n","protected":false},"author":1,"featured_media":0,"comment_status":"closed","ping_status":"closed","sticky":false,"template":"","format":"standard","meta":{"fifu_image_url":"","fifu_image_alt":"","footnotes":""},"categories":[8,11],"tags":[],"class_list":["post-10504","post","type-post","status-publish","format-standard","hentry","category-featured","category-guerrero"],"_links":{"self":[{"href":"https:\/\/www.interaccionnoticias.com.mx\/index.php?rest_route=\/wp\/v2\/posts\/10504","targetHints":{"allow":["GET"]}}],"collection":[{"href":"https:\/\/www.interaccionnoticias.com.mx\/index.php?rest_route=\/wp\/v2\/posts"}],"about":[{"href":"https:\/\/www.interaccionnoticias.com.mx\/index.php?rest_route=\/wp\/v2\/types\/post"}],"author":[{"embeddable":true,"href":"https:\/\/www.interaccionnoticias.com.mx\/index.php?rest_route=\/wp\/v2\/users\/1"}],"replies":[{"embeddable":true,"href":"https:\/\/www.interaccionnoticias.com.mx\/index.php?rest_route=%2Fwp%2Fv2%2Fcomments&post=10504"}],"version-history":[{"count":0,"href":"https:\/\/www.interaccionnoticias.com.mx\/index.php?rest_route=\/wp\/v2\/posts\/10504\/revisions"}],"wp:attachment":[{"href":"https:\/\/www.interaccionnoticias.com.mx\/index.php?rest_route=%2Fwp%2Fv2%2Fmedia&parent=10504"}],"wp:term":[{"taxonomy":"category","embeddable":true,"href":"https:\/\/www.interaccionnoticias.com.mx\/index.php?rest_route=%2Fwp%2Fv2%2Fcategories&post=10504"},{"taxonomy":"post_tag","embeddable":true,"href":"https:\/\/www.interaccionnoticias.com.mx\/index.php?rest_route=%2Fwp%2Fv2%2Ftags&post=10504"}],"curies":[{"name":"wp","href":"https:\/\/api.w.org\/{rel}","templated":true}]}}