{"id":10445,"date":"2017-11-26T17:57:46","date_gmt":"2017-11-26T23:57:46","guid":{"rendered":"http:\/\/www.inter-accion.com.mx\/?p=10445"},"modified":"2017-11-26T17:57:46","modified_gmt":"2017-11-26T23:57:46","slug":"normalistas-y-organizaciones-sociales-conmemoran-los-38-meses-de-la-desaparicion-de-los-43","status":"publish","type":"post","link":"https:\/\/www.interaccionnoticias.com.mx\/?p=10445","title":{"rendered":"Normalistas y organizaciones sociales conmemoran los 38 meses de la desaparici\u00f3n de los 43"},"content":{"rendered":"<p class=\"m_-6839260786848870818x_MsoNormal\"><span lang=\"ES\">Con un mitin en el anti monumento a los 43, normalistas rurales y organizaciones sociales reprocharon la ausencia de resultados en las investigaciones de la Procuradur\u00eda General de la Rep\u00fablica (PGR), a 38 meses de los hechos registrados en Iguala de la Independencia, la noche del 26 de septiembre de 2014 .<\/span><\/p>\n<p class=\"m_-6839260786848870818x_MsoNormal\"><span lang=\"ES\">La ma\u00f1ana del 26 de septiembre, en el anti monumento ubicado en la avenida L\u00e1zaro C\u00e1rdenas, en el lado sur de Chilpancingo, estudiantes de la Normal Rural de Ayotzinapa, padres de los 43, representantes de la Coordinadora Estatal de Trabajadores de la Educaci\u00f3n de Guerrero (CETEG), la Asamblea Popular de los Pueblos de Guerrero (APPG) y colectivos de la Universidad Aut\u00f3noma de Guerrero (UAGro) realizaron un mitin de protesta.<\/span><\/p>\n<p class=\"m_-6839260786848870818x_MsoNormal\"><span lang=\"ES\">Ellos exigieron al gobierno estatal que cuanto antes se esclarezcan los hechos registrados la noche del 26 de septiembre de 2014, en Iguala de la Independencia, ya que hasta el momento los trabajos de la PGR no han permitido llegar hasta el paradero de los j\u00f3venes desaparecidos.<\/span><\/p>\n<p class=\"m_-6839260786848870818x_MsoNormal\"><span lang=\"ES\">Tanto normalistas, maestros disidentes y activistas de organizaciones sociales, consideraron imperativo que haya resultados concretos, pues hasta el momento lo que se ha observado es una inclinaci\u00f3n oficial para dejar el caso incluso, sin que haya justicia para los padres.<\/span><\/p>\n<p class=\"m_-6839260786848870818x_MsoNormal\"><span lang=\"ES\">Nicol\u00e1s Ch\u00e1vez Adame, dirigente de la APPG, indic\u00f3 que lo que se percibe es una resistencia para llegar a la verdad de los hechos, lo que mantiene en una situaci\u00f3n de alerta a las organizaciones que integran el movimiento social.<\/span><\/p>\n<p class=\"m_-6839260786848870818x_MsoNormal\"><span lang=\"ES\">Lament\u00f3 que hasta el momento, los ex funcionarios que tuvieron el inicio de las investigaciones en sus manos y lo hicieron mal, lejos de ser sancionados han recibido el respaldo de las autoridades.<\/span><\/p>\n<p class=\"m_-6839260786848870818x_MsoNormal\"><span lang=\"ES\">Cit\u00f3 el caso del ex titular de la PGR, Jes\u00fas Murullo Karam, quien tras renunciar a la PGR fue reubicado en la Secretar\u00eda de Desarrollo Agrario, Territorial y Urbano (Sedatu), lo que no es bien visto por los padres y los estudiantes de Ayotzinapa.<\/span><\/p>\n","protected":false},"excerpt":{"rendered":"<p>Con un mitin en el anti monumento a los 43, normalistas rurales y organizaciones sociales reprocharon la ausencia de resultados en las investigaciones de la Procuradur\u00eda General de la Rep\u00fablica&hellip; <\/p>\n","protected":false},"author":1,"featured_media":0,"comment_status":"closed","ping_status":"closed","sticky":false,"template":"","format":"standard","meta":{"fifu_image_url":"","fifu_image_alt":"","footnotes":""},"categories":[8,15],"tags":[],"class_list":["post-10445","post","type-post","status-publish","format-standard","hentry","category-featured","category-movimientos-sociales"],"_links":{"self":[{"href":"https:\/\/www.interaccionnoticias.com.mx\/index.php?rest_route=\/wp\/v2\/posts\/10445","targetHints":{"allow":["GET"]}}],"collection":[{"href":"https:\/\/www.interaccionnoticias.com.mx\/index.php?rest_route=\/wp\/v2\/posts"}],"about":[{"href":"https:\/\/www.interaccionnoticias.com.mx\/index.php?rest_route=\/wp\/v2\/types\/post"}],"author":[{"embeddable":true,"href":"https:\/\/www.interaccionnoticias.com.mx\/index.php?rest_route=\/wp\/v2\/users\/1"}],"replies":[{"embeddable":true,"href":"https:\/\/www.interaccionnoticias.com.mx\/index.php?rest_route=%2Fwp%2Fv2%2Fcomments&post=10445"}],"version-history":[{"count":0,"href":"https:\/\/www.interaccionnoticias.com.mx\/index.php?rest_route=\/wp\/v2\/posts\/10445\/revisions"}],"wp:attachment":[{"href":"https:\/\/www.interaccionnoticias.com.mx\/index.php?rest_route=%2Fwp%2Fv2%2Fmedia&parent=10445"}],"wp:term":[{"taxonomy":"category","embeddable":true,"href":"https:\/\/www.interaccionnoticias.com.mx\/index.php?rest_route=%2Fwp%2Fv2%2Fcategories&post=10445"},{"taxonomy":"post_tag","embeddable":true,"href":"https:\/\/www.interaccionnoticias.com.mx\/index.php?rest_route=%2Fwp%2Fv2%2Ftags&post=10445"}],"curies":[{"name":"wp","href":"https:\/\/api.w.org\/{rel}","templated":true}]}}