{"id":10438,"date":"2017-11-26T17:05:33","date_gmt":"2017-11-26T23:05:33","guid":{"rendered":"http:\/\/www.inter-accion.com.mx\/?p=10438"},"modified":"2017-11-26T17:05:33","modified_gmt":"2017-11-26T23:05:33","slug":"reconoce-el-gobierno-que-el-retorno-a-clases-en-chilapa-no-fue-como-se-esperaba","status":"publish","type":"post","link":"https:\/\/www.interaccionnoticias.com.mx\/?p=10438","title":{"rendered":"Reconoce el gobierno que el retorno a clases en Chilapa no fue como se esperaba"},"content":{"rendered":"<p class=\"m_6235023330909181319x_MsoListParagraph\"><strong><span lang=\"ES\">La CETEG ratifica su negativa de volver a clases sin garant\u00edas&nbsp;&nbsp;<\/span><\/strong><\/p>\n<p class=\"m_6235023330909181319x_MsoNormal\"><span lang=\"ES\">El gobierno estatal reconoci\u00f3 que el retorno a clases en Chilapa y la Monta\u00f1a baja no arroj\u00f3 los resultados que se esperaban, en tanto que la dirigencia del magisterio disidente advierte que sus agremiados no volver\u00e1n hasta que haya condiciones.<\/span><\/p>\n<p class=\"m_6235023330909181319x_MsoNormal\"><span lang=\"ES\">En Chilpancingo, el gobernador H\u00e9ctor Astudillo Flores habl\u00f3 sobre las condiciones en que se est\u00e1 realizando el regreso a clases en Chilapa y municipios correspondientes a la Monta\u00f1a baja, entre ellos Zitlala y Ahuacoutzingo.<\/span><\/p>\n<p class=\"m_6235023330909181319x_MsoNormal\"><span lang=\"ES\">Dijo que ten\u00eda programado estar en Chilapa el lunes 26 de septiembre, pero por condiciones de agenda debe estar durante la ma\u00f1ana en la Ciudad de M\u00e9xico, de tal suerte que tendr\u00e1 que reprogramarse una reuni\u00f3n del Grupo de Coordinaci\u00f3n Guerrero (GCG), para hacer una evaluaci\u00f3n con la mayor cantidad de elementos posibles.<\/span><\/p>\n<p class=\"m_6235023330909181319x_MsoNormal\"><span lang=\"ES\">El gobernador Astudillo Flores destac\u00f3: \u201cNosotros esperamos que ya haya un avance visible del regreso a clases en Chilapa; no fue como nos hubiera gustado, no fue contundente porque cada d\u00eda se iba avanzando de cinco y de diez escuelas, por eso esperamos que ma\u00f1ana lunes (27 de noviembre) nos acerquemos a la totalidad de las escuelas\u201d.<\/span><\/p>\n<p class=\"m_6235023330909181319x_MsoNormal\"><span lang=\"ES\">El gobernador, indic\u00f3 que personal del Ej\u00e9rcito Mexicano y la Polic\u00eda Federal (PF) hacen lo posible porque las actividades acad\u00e9micas se reanuden cuanto antes, para evitar que los menores pierdan m\u00e1s clases.&nbsp;&nbsp;&nbsp;<\/span><\/p>\n<p class=\"m_6235023330909181319x_MsoNormal\"><strong><span lang=\"ES\">CETEG a\u00fan no regresa<\/span><\/strong><\/p>\n<p class=\"m_6235023330909181319x_MsoNormal\"><span lang=\"ES\">En otro momento, el secretario general de la Coordinadora Estatal de Trabajadores de la Educaci\u00f3n (CETEG), Arcangel Ram\u00edrez Perulero manifest\u00f3 que en la Monta\u00f1a baja se ha realizado un retorno a clases paulatino, solamente en donde los dispositivos de vigilancia funcionan, lo que hasta el momento resulta insuficiente.<\/span><\/p>\n<p class=\"m_6235023330909181319x_MsoNormal\"><span lang=\"ES\">El dirigente del magisterio disidente aclar\u00f3: \u201cNosotros no estamos de acuerdo en que las autoridades digan que el retorno a clases est\u00e1 garantizado por el hecho de poner dos soldados en la entrada de un plantel, as\u00ed nada m\u00e1s no hay garant\u00edas y lo que vemos es una acci\u00f3n completamente medi\u00e1tica\u201d.<\/span><\/p>\n<p class=\"m_6235023330909181319x_MsoNormal\"><span lang=\"ES\">Lo que se registra en el sector educativo de Chilapa, de acuerdo con el l\u00edder de la coordinadora, es un acto de simulaci\u00f3n que no genera seguridad en los trabajadores del sector educativo.<\/span><\/p>\n<p class=\"m_6235023330909181319x_MsoNormal\"><span lang=\"ES\">Manifest\u00f3 que en los hechos sigue el temor en los profesores, padres de familia y los propios estudiantes, sobre todo despu\u00e9s de que se registr\u00f3 el secuestro y asesinato de la ni\u00f1a Diana Paulina Rend\u00f3n Alcaraz, de 13 a\u00f1os de edad.<\/span><\/p>\n<p class=\"m_6235023330909181319x_MsoNormal\"><span lang=\"ES\">Aunque el crimen cometido en contra de la menor no se registr\u00f3 en un plantel educativo, dijo que se cometi\u00f3 cuando ya estaba en curso el nuevo dispositivo de seguridad, lo que hizo resurgir el miedo.<\/span><\/p>\n<p class=\"m_6235023330909181319x_MsoNormal\"><span lang=\"ES\">En&nbsp;&nbsp;consecuencia, dijo que la CETEG no est\u00e1 de acuerdo en que la Secretar\u00eda de Educaci\u00f3n Guerrero (SEG) pretenda que los maestros regresen a clases sin tener la garant\u00eda de que su integridad personal estar\u00e1 a salvo.<\/span><\/p>\n<p class=\"m_6235023330909181319x_MsoNormal\"><span lang=\"ES\">De hecho, advirti\u00f3 que si los supervisores comienzan a levantar actas administrativas a los maestros que no se presenten a laborar, eso se tomar\u00e1 como un intento de despido injustificado, lo que puede generar reacciones.<\/span><\/p>\n<p class=\"m_6235023330909181319x_MsoNormal\"><span lang=\"ES\">Hasta el momento, dijo que la CETEG no est\u00e1 en el animo de regresar a clases, porque hacerlo sin un dispositivo verdaderamente efectivo de seguridad, implica poner en riesgo a los profesores y los alumnos.<\/span><\/p>\n","protected":false},"excerpt":{"rendered":"<p>La CETEG ratifica su negativa de volver a clases sin garant\u00edas&nbsp;&nbsp; El gobierno estatal reconoci\u00f3 que el retorno a clases en Chilapa y la Monta\u00f1a baja no arroj\u00f3 los resultados&hellip; <\/p>\n","protected":false},"author":1,"featured_media":0,"comment_status":"closed","ping_status":"closed","sticky":false,"template":"","format":"standard","meta":{"fifu_image_url":"","fifu_image_alt":"","footnotes":""},"categories":[8,23],"tags":[],"class_list":["post-10438","post","type-post","status-publish","format-standard","hentry","category-featured","category-regionales"],"_links":{"self":[{"href":"https:\/\/www.interaccionnoticias.com.mx\/index.php?rest_route=\/wp\/v2\/posts\/10438","targetHints":{"allow":["GET"]}}],"collection":[{"href":"https:\/\/www.interaccionnoticias.com.mx\/index.php?rest_route=\/wp\/v2\/posts"}],"about":[{"href":"https:\/\/www.interaccionnoticias.com.mx\/index.php?rest_route=\/wp\/v2\/types\/post"}],"author":[{"embeddable":true,"href":"https:\/\/www.interaccionnoticias.com.mx\/index.php?rest_route=\/wp\/v2\/users\/1"}],"replies":[{"embeddable":true,"href":"https:\/\/www.interaccionnoticias.com.mx\/index.php?rest_route=%2Fwp%2Fv2%2Fcomments&post=10438"}],"version-history":[{"count":0,"href":"https:\/\/www.interaccionnoticias.com.mx\/index.php?rest_route=\/wp\/v2\/posts\/10438\/revisions"}],"wp:attachment":[{"href":"https:\/\/www.interaccionnoticias.com.mx\/index.php?rest_route=%2Fwp%2Fv2%2Fmedia&parent=10438"}],"wp:term":[{"taxonomy":"category","embeddable":true,"href":"https:\/\/www.interaccionnoticias.com.mx\/index.php?rest_route=%2Fwp%2Fv2%2Fcategories&post=10438"},{"taxonomy":"post_tag","embeddable":true,"href":"https:\/\/www.interaccionnoticias.com.mx\/index.php?rest_route=%2Fwp%2Fv2%2Ftags&post=10438"}],"curies":[{"name":"wp","href":"https:\/\/api.w.org\/{rel}","templated":true}]}}