{"id":104146,"date":"2026-09-04T12:41:36","date_gmt":"2026-09-04T18:41:36","guid":{"rendered":"https:\/\/www.interaccionnoticias.com.mx\/?p=104146"},"modified":"2026-09-04T12:41:37","modified_gmt":"2026-09-04T18:41:37","slug":"paridad-en-guerrero-no-puede-esperar-advierten-organizaciones-de-mujeres","status":"publish","type":"post","link":"https:\/\/www.interaccionnoticias.com.mx\/?p=104146","title":{"rendered":"Paridad en Guerrero no puede esperar, advierten organizaciones de mujeres"},"content":{"rendered":"\n<p class=\"wp-block-paragraph\"><strong><em>&#8212; Exigen al IEPC y a los partidos garantizar el acceso efectivo de las mujeres a las presidencias municipales durante el proceso electoral 2026-2027<\/em><\/strong><\/p>\n\n\n\n<p class=\"wp-block-paragraph\"><strong>Rosario Garc\u00eda Orozco<\/strong><\/p>\n\n\n\n<p class=\"wp-block-paragraph\">La Red para el Avance Pol\u00edtico de las Mujeres Guerrerenses llam\u00f3 al Instituto Electoral y de Participaci\u00f3n Ciudadana del Estado de Guerrero (IEPC), a los partidos pol\u00edticos y a las dem\u00e1s autoridades electorales a evitar cualquier retroceso en los derechos pol\u00edtico-electorales de las mujeres y garantizar que la paridad se traduzca en un acceso real al poder p\u00fablico.<\/p>\n\n\n\n<p class=\"wp-block-paragraph\">A trav\u00e9s de un pronunciamiento, la organizaci\u00f3n, que desde hace 17 a\u00f1os trabaja por la igualdad sustantiva, la paridad y los derechos pol\u00edticos de las mujeres, fij\u00f3 su postura luego de la resoluci\u00f3n emitida el pasado 3 de septiembre por el Pleno de la Suprema Corte de Justicia de la Naci\u00f3n (SCJN), relacionada con el Decreto 538, mediante el cual se reform\u00f3 la legislaci\u00f3n electoral de Guerrero.<\/p>\n\n\n\n<p class=\"wp-block-paragraph\">La Red sostuvo que la resoluci\u00f3n abre una nueva etapa en la lucha para que las mujeres puedan acceder, en condiciones de igualdad, a las presidencias municipales, particularmente porque existen municipios que nunca han sido gobernados por una mujer.<\/p>\n\n\n\n<p class=\"wp-block-paragraph\">Consider\u00f3 que esta situaci\u00f3n no responde a una falta de mujeres capaces o interesadas en gobernar, sino a barreras hist\u00f3ricas y estructurales que han limitado su llegada a los espacios donde se toman las decisiones p\u00fablicas.<\/p>\n\n\n\n<p class=\"wp-block-paragraph\">En ese sentido, se\u00f1al\u00f3 que la paridad no debe entenderse \u00fanicamente como el cumplimiento de porcentajes de candidaturas, pues no basta con que las mujeres aparezcan en las boletas si contin\u00faan enfrentando obst\u00e1culos pol\u00edticos, partidistas e institucionales para alcanzar los cargos de mayor responsabilidad.<\/p>\n\n\n\n<p class=\"wp-block-paragraph\">La organizaci\u00f3n indic\u00f3 que esperar\u00e1 la publicaci\u00f3n del engrose de la Suprema Corte para conocer con precisi\u00f3n los alcances jur\u00eddicos de la resoluci\u00f3n, pero subray\u00f3 que la decisi\u00f3n no elimina la obligaci\u00f3n constitucional de garantizar la igualdad sustantiva y la paridad en el proceso electoral que se avecina.<\/p>\n\n\n\n<p class=\"wp-block-paragraph\">\u2014IEPC, ante una responsabilidad hist\u00f3rica<\/p>\n\n\n\n<p class=\"wp-block-paragraph\">La Red destac\u00f3 que la Corte tambi\u00e9n invalid\u00f3 la restricci\u00f3n que condicionaba la implementaci\u00f3n de acciones afirmativas por parte de la autoridad electoral local \u00fanicamente a los casos de omisi\u00f3n legislativa.<\/p>\n\n\n\n<p class=\"wp-block-paragraph\">Ante ello, consider\u00f3 que el IEPC Guerrero tiene una responsabilidad hist\u00f3rica frente al proceso electoral 2026-2027 y debe analizar qu\u00e9 medidas son necesarias para garantizar que las mujeres puedan acceder efectivamente a las presidencias municipales.<\/p>\n\n\n\n<p class=\"wp-block-paragraph\">Plante\u00f3 que los municipios que hist\u00f3ricamente nunca han sido gobernados por una mujer deben ser considerados dentro de ese an\u00e1lisis, pues, advirti\u00f3, no ser\u00eda aceptable que despu\u00e9s de identificar una exclusi\u00f3n hist\u00f3rica el resultado institucional fuera simplemente regresar al punto de partida.<\/p>\n\n\n\n<p class=\"wp-block-paragraph\">La Red tambi\u00e9n rechaz\u00f3 cualquier posibilidad de retroceso y record\u00f3 que la paridad, las acciones afirmativas y el reconocimiento de la violencia pol\u00edtica contra las mujeres en raz\u00f3n de g\u00e9nero son conquistas alcanzadas despu\u00e9s de d\u00e9cadas de lucha.<\/p>\n\n\n\n<p class=\"wp-block-paragraph\">Por ello, sostuvo que ninguna resoluci\u00f3n judicial debe utilizarse como argumento para disminuir los derechos pol\u00edticos conquistados por las mujeres.<\/p>\n\n\n\n<p class=\"wp-block-paragraph\">\u2014Piden reglas que garanticen triunfos y no s\u00f3lo candidaturas<\/p>\n\n\n\n<p class=\"wp-block-paragraph\">De cara al proceso electoral, la organizaci\u00f3n demand\u00f3 reglas que aseguren la aplicaci\u00f3n efectiva del principio constitucional de paridad, impidan retrocesos y permitan establecer acciones afirmativas sustentadas en datos sobre la exclusi\u00f3n hist\u00f3rica de las mujeres.<\/p>\n\n\n\n<p class=\"wp-block-paragraph\">Asimismo, pidi\u00f3 evitar que las candidatas sean concentradas en municipios donde tengan menores posibilidades reales de triunfo y reclam\u00f3 garant\u00edas para que su participaci\u00f3n pol\u00edtica se traduzca en un acceso efectivo al poder p\u00fablico.<\/p>\n\n\n\n<p class=\"wp-block-paragraph\">La Red anunci\u00f3 que dar\u00e1 seguimiento a la publicaci\u00f3n del engrose de la Suprema Corte y a las decisiones que adopte el IEPC durante el proceso electoral 2026-2027, adem\u00e1s de se\u00f1alar que recurrir\u00e1, de ser necesario, a las v\u00edas institucionales, pol\u00edticas y jurisdiccionales para defender los derechos pol\u00edtico-electorales de las guerrerenses.<\/p>\n\n\n\n<p class=\"wp-block-paragraph\">El mismo modo reconoci\u00f3 la participaci\u00f3n de Mujeres de Tlapa A.C., la Red de Mujeres en Plural y A\u00fana, organizaciones que se sumaron mediante la presentaci\u00f3n conjunta de un escrito Amicus Curiae ante la Suprema Corte.<\/p>\n\n\n\n<p class=\"wp-block-paragraph\">Tambi\u00e9n destac\u00f3 el respaldo de la Comisi\u00f3n Nacional de los Derechos Humanos (CNDH), la Comisi\u00f3n de Defensa de los Derechos Humanos del Estado de Guerrero, la Defensor\u00eda P\u00fablica Federal y la Secretar\u00eda de las Mujeres, particularmente de su titular Anabel L\u00f3pez S\u00e1nchez, por el acompa\u00f1amiento brindado durante el proceso de litigio estrat\u00e9gico.<\/p>\n\n\n\n<p class=\"wp-block-paragraph\">La organizaci\u00f3n concluy\u00f3 que la democracia paritaria debe hacerse realidad en los municipios de Guerrero, al considerar que las mujeres representan la mitad de la ciudadan\u00eda y tienen derecho no s\u00f3lo a participar y decidir, sino tambi\u00e9n a gobernar.<\/p>\n","protected":false},"excerpt":{"rendered":"<p>&#8212; Exigen al IEPC y a los partidos garantizar el acceso efectivo de las mujeres a las presidencias municipales durante el proceso electoral 2026-2027 Rosario Garc\u00eda Orozco La Red para&hellip; <\/p>\n","protected":false},"author":14,"featured_media":104149,"comment_status":"open","ping_status":"open","sticky":false,"template":"","format":"standard","meta":{"fifu_image_url":"https:\/\/www.interaccionnoticias.com.mx\/wp-content\/uploads\/2026\/09\/260904-Poder-Judicial-de-la-Federacion.jpg","fifu_image_alt":"","footnotes":""},"categories":[17],"tags":[],"class_list":["post-104146","post","type-post","status-publish","format-standard","has-post-thumbnail","hentry","category-organos-electorales"],"_links":{"self":[{"href":"https:\/\/www.interaccionnoticias.com.mx\/index.php?rest_route=\/wp\/v2\/posts\/104146","targetHints":{"allow":["GET"]}}],"collection":[{"href":"https:\/\/www.interaccionnoticias.com.mx\/index.php?rest_route=\/wp\/v2\/posts"}],"about":[{"href":"https:\/\/www.interaccionnoticias.com.mx\/index.php?rest_route=\/wp\/v2\/types\/post"}],"author":[{"embeddable":true,"href":"https:\/\/www.interaccionnoticias.com.mx\/index.php?rest_route=\/wp\/v2\/users\/14"}],"replies":[{"embeddable":true,"href":"https:\/\/www.interaccionnoticias.com.mx\/index.php?rest_route=%2Fwp%2Fv2%2Fcomments&post=104146"}],"version-history":[{"count":1,"href":"https:\/\/www.interaccionnoticias.com.mx\/index.php?rest_route=\/wp\/v2\/posts\/104146\/revisions"}],"predecessor-version":[{"id":104148,"href":"https:\/\/www.interaccionnoticias.com.mx\/index.php?rest_route=\/wp\/v2\/posts\/104146\/revisions\/104148"}],"wp:featuredmedia":[{"embeddable":true,"href":"https:\/\/www.interaccionnoticias.com.mx\/index.php?rest_route=\/wp\/v2\/media\/104149"}],"wp:attachment":[{"href":"https:\/\/www.interaccionnoticias.com.mx\/index.php?rest_route=%2Fwp%2Fv2%2Fmedia&parent=104146"}],"wp:term":[{"taxonomy":"category","embeddable":true,"href":"https:\/\/www.interaccionnoticias.com.mx\/index.php?rest_route=%2Fwp%2Fv2%2Fcategories&post=104146"},{"taxonomy":"post_tag","embeddable":true,"href":"https:\/\/www.interaccionnoticias.com.mx\/index.php?rest_route=%2Fwp%2Fv2%2Ftags&post=104146"}],"curies":[{"name":"wp","href":"https:\/\/api.w.org\/{rel}","templated":true}]}}