{"id":104136,"date":"2026-09-01T16:32:41","date_gmt":"2026-09-01T22:32:41","guid":{"rendered":"https:\/\/www.interaccionnoticias.com.mx\/?p=104136"},"modified":"2026-09-01T16:32:42","modified_gmt":"2026-09-01T22:32:42","slug":"solo-27-de-mas-de-11-mil-escuelas-no-regresaron-a-clases-en-guerrero","status":"publish","type":"post","link":"https:\/\/www.interaccionnoticias.com.mx\/?p=104136","title":{"rendered":"Solo 27 de m\u00e1s de 11 mil escuelas no regresaron a clases en Guerrero"},"content":{"rendered":"\n<p class=\"wp-block-paragraph\"><strong><em>&#8212; El subsecretario Francisco Rodr\u00edguez Cisneros se\u00f1ala que la causa no fueron problemas de inseguridad<\/em><\/strong><\/p>\n\n\n\n<p class=\"wp-block-paragraph\"><strong>Rogelio Agust\u00edn<\/strong><\/p>\n\n\n\n<p class=\"wp-block-paragraph\">El subsecretario de Desarrollo Pol\u00edtico del Gobierno del estado, Francisco Rodr\u00edguez Cisneros sostuvo que de las m\u00e1s de 11 mil escuelas de nivel b\u00e1sico que existen en Guerrero, solo 27 no regresaron a clases este inicio de semana.<\/p>\n\n\n\n<p class=\"wp-block-paragraph\">El funcionario destac\u00f3 que el balance del regreso a clases en t\u00e9rminos generales resulta positivo, porque se ha trabajado en la atenci\u00f3n a puntos que en su momento se consideraban como sensibles, a partir de estrategias como el Plan Maestro para la Monta\u00f1a en sus partes Alta y Baja.<\/p>\n\n\n\n<p class=\"wp-block-paragraph\">Manifest\u00f3 que los problemas que impidieron el retorno a clases en esos 27 planteles no est\u00e1n relacionados con temas de inseguridad.<\/p>\n\n\n\n<p class=\"wp-block-paragraph\">Explico que en algunos casos se trata de cuestiones de infraestructura, que ya atiende el Instituto Guerrerense de Infraestructura Escolar (IGIFE) y que en breve estar\u00e1n concluidos.<\/p>\n\n\n\n<p class=\"wp-block-paragraph\">Tambi\u00e9n, dijo que hay movimientos de car\u00e1cter administrativos realizados por algunos directores, de planteles que han generado inconformidades en la base trabajadora, porque algunos de ellos intentaron incorporar de manera indebida a familiares o conocidos.<\/p>\n\n\n\n<p class=\"wp-block-paragraph\">En el caso de las comunidades que se ubican en el corredor que va de Tula hacia Alcozac\u00e1n, en el municipio de Chilapa, donde en mayo pasado hubo incursiones que generaron desplazamiento forzado, el funcionario sostuvo que la presencia del estado y la federaci\u00f3n garantiza la permanencia de los alumnos en clase, lo mismo que la cobertura de sus profesores.<\/p>\n\n\n\n<p class=\"wp-block-paragraph\">En estos momentos, dijo que no se tiene reportes de incidentes en Chilapa y sus comunidades.<\/p>\n\n\n\n<p class=\"wp-block-paragraph\">En cuanto al municipio de Olinal\u00e1, donde tambi\u00e9n hubo problemas de inseguridad los meses de mayo y junio, el alcalde Manuel S\u00e1nchez Rosendo a comentado que esa parte de la Monta\u00f1a es de las m\u00e1s seguras de la entidad.<\/p>\n\n\n\n<p class=\"wp-block-paragraph\">M\u00e1s all\u00e1 de los comentarios positivos de los comisarios y alcaldes, Rodr\u00edguez Cisneros indic\u00f3 que lo que se busca con la presencia del Estado en las regiones, es instalar la cultura de la legalidad, ya que esa es la garant\u00eda para prolongar la paz.<\/p>\n","protected":false},"excerpt":{"rendered":"<p>&#8212; El subsecretario Francisco Rodr\u00edguez Cisneros se\u00f1ala que la causa no fueron problemas de inseguridad Rogelio Agust\u00edn El subsecretario de Desarrollo Pol\u00edtico del Gobierno del estado, Francisco Rodr\u00edguez Cisneros sostuvo&hellip; <\/p>\n","protected":false},"author":21,"featured_media":104139,"comment_status":"open","ping_status":"open","sticky":false,"template":"","format":"standard","meta":{"fifu_image_url":"https:\/\/www.interaccionnoticias.com.mx\/wp-content\/uploads\/2026\/09\/260901-Francisco-Rodriguez-Cisneros.jpg","fifu_image_alt":"","footnotes":""},"categories":[6],"tags":[],"class_list":["post-104136","post","type-post","status-publish","format-standard","has-post-thumbnail","hentry","category-educacion"],"_links":{"self":[{"href":"https:\/\/www.interaccionnoticias.com.mx\/index.php?rest_route=\/wp\/v2\/posts\/104136","targetHints":{"allow":["GET"]}}],"collection":[{"href":"https:\/\/www.interaccionnoticias.com.mx\/index.php?rest_route=\/wp\/v2\/posts"}],"about":[{"href":"https:\/\/www.interaccionnoticias.com.mx\/index.php?rest_route=\/wp\/v2\/types\/post"}],"author":[{"embeddable":true,"href":"https:\/\/www.interaccionnoticias.com.mx\/index.php?rest_route=\/wp\/v2\/users\/21"}],"replies":[{"embeddable":true,"href":"https:\/\/www.interaccionnoticias.com.mx\/index.php?rest_route=%2Fwp%2Fv2%2Fcomments&post=104136"}],"version-history":[{"count":1,"href":"https:\/\/www.interaccionnoticias.com.mx\/index.php?rest_route=\/wp\/v2\/posts\/104136\/revisions"}],"predecessor-version":[{"id":104138,"href":"https:\/\/www.interaccionnoticias.com.mx\/index.php?rest_route=\/wp\/v2\/posts\/104136\/revisions\/104138"}],"wp:featuredmedia":[{"embeddable":true,"href":"https:\/\/www.interaccionnoticias.com.mx\/index.php?rest_route=\/wp\/v2\/media\/104139"}],"wp:attachment":[{"href":"https:\/\/www.interaccionnoticias.com.mx\/index.php?rest_route=%2Fwp%2Fv2%2Fmedia&parent=104136"}],"wp:term":[{"taxonomy":"category","embeddable":true,"href":"https:\/\/www.interaccionnoticias.com.mx\/index.php?rest_route=%2Fwp%2Fv2%2Fcategories&post=104136"},{"taxonomy":"post_tag","embeddable":true,"href":"https:\/\/www.interaccionnoticias.com.mx\/index.php?rest_route=%2Fwp%2Fv2%2Ftags&post=104136"}],"curies":[{"name":"wp","href":"https:\/\/api.w.org\/{rel}","templated":true}]}}