{"id":104126,"date":"2026-09-01T15:43:59","date_gmt":"2026-09-01T21:43:59","guid":{"rendered":"https:\/\/www.interaccionnoticias.com.mx\/?p=104126"},"modified":"2026-09-01T15:44:00","modified_gmt":"2026-09-01T21:44:00","slug":"pri-guerrero-pide-atencion-integral-a-la-crisis-que-enfrenta-el-campo","status":"publish","type":"post","link":"https:\/\/www.interaccionnoticias.com.mx\/?p=104126","title":{"rendered":"PRI-Guerrero pide atenci\u00f3n integral a la crisis que enfrenta el campo"},"content":{"rendered":"\n<p class=\"wp-block-paragraph\"><strong><em>&#8212; Hay por lo menos 300 mil productores afectados por la sequ\u00eda, pero la cifra puede ser mayor<\/em><\/strong><\/p>\n\n\n\n<p class=\"wp-block-paragraph\"><strong>Rogelio Agust\u00edn<\/strong><\/p>\n\n\n\n<p class=\"wp-block-paragraph\">La dirigencia estatal del PRI se pronunci\u00f3 a favor de que los tres niveles de gobierno respalden a los productores del campo de Guerrero, que ante la escasez de lluvias est\u00e1n a punto de perder la totalidad de sus cultivos.<\/p>\n\n\n\n<p class=\"wp-block-paragraph\">El tema de la crisis que enfrentan los productores del campo primero fue planteado en la tribuna del Congreso por el diputado local Jes\u00fas Parra Garc\u00eda, luego, en conferencia de prensa lo retom\u00f3 el dirigente estatal del PRI, Alejandro Bravo Abarca.<\/p>\n\n\n\n<p class=\"wp-block-paragraph\">El exhorto planteado en ambas instancias, va en el sentido de que los tres niveles de gobierno atiendan el problema de manera integral.<\/p>\n\n\n\n<p class=\"wp-block-paragraph\">\u00abLa verdad es que hay una ausencia de lluvias tremenda, la cual se agudiza por la can\u00edcula y el fen\u00f3meno del ni\u00f1o, por eso es que consideramos que los tres niveles deben atenderlo\u00bb, asegur\u00f3 el dirigente estatal Alejandro Bravo Abarca.<\/p>\n\n\n\n<p class=\"wp-block-paragraph\">Dijo que la semana pasada tuvo la oportunidad de estar en la Costa Chica, regi\u00f3n Norte, Costa Grande y Monta\u00f1a, en todos los puntos el planteamiento de los campesinos es el mismo, las cosechas est\u00e1n en peligro.<\/p>\n\n\n\n<p class=\"wp-block-paragraph\">Dijo que hasta el momento se tiene una estimaci\u00f3n de por lo menos 300 mil campesinos afectados por la escasez de lluvias, sin embargo se requiere de un estudio de campo que arroje un dato m\u00e1s preciso.<\/p>\n\n\n\n<p class=\"wp-block-paragraph\">Dijo que las secretar\u00edas de Desarrollo Rural, tanto del estado como de la federaci\u00f3n deben abordar el tema cuanto antes, no esperar a que sea la desesperaci\u00f3n la que mueva a los productores.<\/p>\n\n\n\n<figure class=\"wp-block-gallery has-nested-images columns-default is-cropped wp-block-gallery-1 is-layout-flex wp-block-gallery-is-layout-flex\">\n<figure class=\"wp-block-image size-full\"><img decoding=\"async\" src=\"data:image\/gif;base64,R0lGODlhAQABAIAAAAAAAP\/\/\/ywAAAAAAQABAAACAUwAOw==\" fifu-lazy=\"1\" fifu-data-sizes=\"auto\" fifu-data-srcset=\"https:\/\/i0.wp.com\/www.interaccionnoticias.com.mx\/wp-content\/uploads\/2026\/09\/260901-dirigencia-estatal-del-PRI-2.jpg?ssl=1&w=75&resize=75&ssl=1 75w, https:\/\/i0.wp.com\/www.interaccionnoticias.com.mx\/wp-content\/uploads\/2026\/09\/260901-dirigencia-estatal-del-PRI-2.jpg?ssl=1&w=100&resize=100&ssl=1 100w, https:\/\/i0.wp.com\/www.interaccionnoticias.com.mx\/wp-content\/uploads\/2026\/09\/260901-dirigencia-estatal-del-PRI-2.jpg?ssl=1&w=150&resize=150&ssl=1 150w, https:\/\/i0.wp.com\/www.interaccionnoticias.com.mx\/wp-content\/uploads\/2026\/09\/260901-dirigencia-estatal-del-PRI-2.jpg?ssl=1&w=240&resize=240&ssl=1 240w, https:\/\/i0.wp.com\/www.interaccionnoticias.com.mx\/wp-content\/uploads\/2026\/09\/260901-dirigencia-estatal-del-PRI-2.jpg?ssl=1&w=320&resize=320&ssl=1 320w, https:\/\/i0.wp.com\/www.interaccionnoticias.com.mx\/wp-content\/uploads\/2026\/09\/260901-dirigencia-estatal-del-PRI-2.jpg?ssl=1&w=500&resize=500&ssl=1 500w, https:\/\/i0.wp.com\/www.interaccionnoticias.com.mx\/wp-content\/uploads\/2026\/09\/260901-dirigencia-estatal-del-PRI-2.jpg?ssl=1&w=640&resize=640&ssl=1 640w, https:\/\/i0.wp.com\/www.interaccionnoticias.com.mx\/wp-content\/uploads\/2026\/09\/260901-dirigencia-estatal-del-PRI-2.jpg?ssl=1&w=800&resize=800&ssl=1 800w, https:\/\/i0.wp.com\/www.interaccionnoticias.com.mx\/wp-content\/uploads\/2026\/09\/260901-dirigencia-estatal-del-PRI-2.jpg?ssl=1&w=1024&resize=1024&ssl=1 1024w, https:\/\/i0.wp.com\/www.interaccionnoticias.com.mx\/wp-content\/uploads\/2026\/09\/260901-dirigencia-estatal-del-PRI-2.jpg?ssl=1&w=1280&resize=1280&ssl=1 1280w, https:\/\/i0.wp.com\/www.interaccionnoticias.com.mx\/wp-content\/uploads\/2026\/09\/260901-dirigencia-estatal-del-PRI-2.jpg?ssl=1&w=1600&resize=1600&ssl=1 1600w\" data-id=\"104127\" fifu-data-src=\"https:\/\/i0.wp.com\/www.interaccionnoticias.com.mx\/wp-content\/uploads\/2026\/09\/260901-dirigencia-estatal-del-PRI-2.jpg?ssl=1\" alt=\"\" class=\"wp-image-104127\"\/><\/figure>\n\n\n\n<figure class=\"wp-block-image size-full\"><img decoding=\"async\" src=\"data:image\/gif;base64,R0lGODlhAQABAIAAAAAAAP\/\/\/ywAAAAAAQABAAACAUwAOw==\" fifu-lazy=\"1\" fifu-data-sizes=\"auto\" fifu-data-srcset=\"https:\/\/i0.wp.com\/www.interaccionnoticias.com.mx\/wp-content\/uploads\/2026\/09\/260901-dirigencia-estatal-del-PRI-1.jpg?ssl=1&w=75&resize=75&ssl=1 75w, https:\/\/i0.wp.com\/www.interaccionnoticias.com.mx\/wp-content\/uploads\/2026\/09\/260901-dirigencia-estatal-del-PRI-1.jpg?ssl=1&w=100&resize=100&ssl=1 100w, https:\/\/i0.wp.com\/www.interaccionnoticias.com.mx\/wp-content\/uploads\/2026\/09\/260901-dirigencia-estatal-del-PRI-1.jpg?ssl=1&w=150&resize=150&ssl=1 150w, https:\/\/i0.wp.com\/www.interaccionnoticias.com.mx\/wp-content\/uploads\/2026\/09\/260901-dirigencia-estatal-del-PRI-1.jpg?ssl=1&w=240&resize=240&ssl=1 240w, https:\/\/i0.wp.com\/www.interaccionnoticias.com.mx\/wp-content\/uploads\/2026\/09\/260901-dirigencia-estatal-del-PRI-1.jpg?ssl=1&w=320&resize=320&ssl=1 320w, https:\/\/i0.wp.com\/www.interaccionnoticias.com.mx\/wp-content\/uploads\/2026\/09\/260901-dirigencia-estatal-del-PRI-1.jpg?ssl=1&w=500&resize=500&ssl=1 500w, https:\/\/i0.wp.com\/www.interaccionnoticias.com.mx\/wp-content\/uploads\/2026\/09\/260901-dirigencia-estatal-del-PRI-1.jpg?ssl=1&w=640&resize=640&ssl=1 640w, https:\/\/i0.wp.com\/www.interaccionnoticias.com.mx\/wp-content\/uploads\/2026\/09\/260901-dirigencia-estatal-del-PRI-1.jpg?ssl=1&w=800&resize=800&ssl=1 800w, https:\/\/i0.wp.com\/www.interaccionnoticias.com.mx\/wp-content\/uploads\/2026\/09\/260901-dirigencia-estatal-del-PRI-1.jpg?ssl=1&w=1024&resize=1024&ssl=1 1024w, https:\/\/i0.wp.com\/www.interaccionnoticias.com.mx\/wp-content\/uploads\/2026\/09\/260901-dirigencia-estatal-del-PRI-1.jpg?ssl=1&w=1280&resize=1280&ssl=1 1280w, https:\/\/i0.wp.com\/www.interaccionnoticias.com.mx\/wp-content\/uploads\/2026\/09\/260901-dirigencia-estatal-del-PRI-1.jpg?ssl=1&w=1600&resize=1600&ssl=1 1600w\" data-id=\"104128\" fifu-data-src=\"https:\/\/i0.wp.com\/www.interaccionnoticias.com.mx\/wp-content\/uploads\/2026\/09\/260901-dirigencia-estatal-del-PRI-1.jpg?ssl=1\" alt=\"\" class=\"wp-image-104128\"\/><\/figure>\n<\/figure>\n","protected":false},"excerpt":{"rendered":"<p>&#8212; Hay por lo menos 300 mil productores afectados por la sequ\u00eda, pero la cifra puede ser mayor Rogelio Agust\u00edn La dirigencia estatal del PRI se pronunci\u00f3 a favor de&hellip; <\/p>\n","protected":false},"author":21,"featured_media":104130,"comment_status":"open","ping_status":"open","sticky":false,"template":"","format":"standard","meta":{"fifu_image_url":"https:\/\/www.interaccionnoticias.com.mx\/wp-content\/uploads\/2026\/09\/260901-dirigencia-estatal-del-PRI-1.jpg","fifu_image_alt":"","footnotes":""},"categories":[21],"tags":[],"class_list":["post-104126","post","type-post","status-publish","format-standard","has-post-thumbnail","hentry","category-politica"],"_links":{"self":[{"href":"https:\/\/www.interaccionnoticias.com.mx\/index.php?rest_route=\/wp\/v2\/posts\/104126","targetHints":{"allow":["GET"]}}],"collection":[{"href":"https:\/\/www.interaccionnoticias.com.mx\/index.php?rest_route=\/wp\/v2\/posts"}],"about":[{"href":"https:\/\/www.interaccionnoticias.com.mx\/index.php?rest_route=\/wp\/v2\/types\/post"}],"author":[{"embeddable":true,"href":"https:\/\/www.interaccionnoticias.com.mx\/index.php?rest_route=\/wp\/v2\/users\/21"}],"replies":[{"embeddable":true,"href":"https:\/\/www.interaccionnoticias.com.mx\/index.php?rest_route=%2Fwp%2Fv2%2Fcomments&post=104126"}],"version-history":[{"count":1,"href":"https:\/\/www.interaccionnoticias.com.mx\/index.php?rest_route=\/wp\/v2\/posts\/104126\/revisions"}],"predecessor-version":[{"id":104129,"href":"https:\/\/www.interaccionnoticias.com.mx\/index.php?rest_route=\/wp\/v2\/posts\/104126\/revisions\/104129"}],"wp:featuredmedia":[{"embeddable":true,"href":"https:\/\/www.interaccionnoticias.com.mx\/index.php?rest_route=\/wp\/v2\/media\/104130"}],"wp:attachment":[{"href":"https:\/\/www.interaccionnoticias.com.mx\/index.php?rest_route=%2Fwp%2Fv2%2Fmedia&parent=104126"}],"wp:term":[{"taxonomy":"category","embeddable":true,"href":"https:\/\/www.interaccionnoticias.com.mx\/index.php?rest_route=%2Fwp%2Fv2%2Fcategories&post=104126"},{"taxonomy":"post_tag","embeddable":true,"href":"https:\/\/www.interaccionnoticias.com.mx\/index.php?rest_route=%2Fwp%2Fv2%2Ftags&post=104126"}],"curies":[{"name":"wp","href":"https:\/\/api.w.org\/{rel}","templated":true}]}}