{"id":104122,"date":"2026-09-01T15:38:06","date_gmt":"2026-09-01T21:38:06","guid":{"rendered":"https:\/\/www.interaccionnoticias.com.mx\/?p=104122"},"modified":"2026-09-01T15:38:07","modified_gmt":"2026-09-01T21:38:07","slug":"diputados-locales-guardan-un-minuto-de-silencio-por-muerte-del-exdiputado-hector-fernando-aguero-garcia","status":"publish","type":"post","link":"https:\/\/www.interaccionnoticias.com.mx\/?p=104122","title":{"rendered":"Diputados locales guardan un minuto de silencio por muerte del exdiputado H\u00e9ctor Fernando Ag\u00fcero Garc\u00eda"},"content":{"rendered":"\n<p class=\"wp-block-paragraph\"><strong><em>&#8212; Legisladores reconocieron su participaci\u00f3n en la vida p\u00fablica del estado<\/em><\/strong><\/p>\n\n\n\n<p class=\"wp-block-paragraph\"><strong>Rosario Garc\u00eda Orozco<\/strong><\/p>\n\n\n\n<p class=\"wp-block-paragraph\">Diputadas y diputados del Congreso del Estado de Guerrero realizaron un homenaje luctuoso en memoria de H\u00e9ctor Fernando Ag\u00fcero Garc\u00eda, quien form\u00f3 parte de la LXIII Legislatura como diputado suplente.<\/p>\n\n\n\n<p class=\"wp-block-paragraph\">Durante la sesi\u00f3n posterior a la instalaci\u00f3n del Primer Periodo de Sesiones Ordinarias del Tercer A\u00f1o de Ejercicio Constitucional de la LXIV Legislatura, las y los integrantes del Poder Legislativo guardaron un minuto de silencio en el pleno para expresar su respeto y reconocimiento a la trayectoria del ex legislador que supli\u00f3 durante poco m\u00e1s de 4 meses al ex diputado morenista, Jacinto Gonz\u00e1lez Varona.<\/p>\n\n\n\n<p class=\"wp-block-paragraph\">El acto solemne, fue propuesto por la nueva presidenta de la Mesa Directiva, Erika Isabel Guill\u00e9n Rom\u00e1n, en econocimiento a la participaci\u00f3n de Ag\u00fcero Garc\u00eda en las actividades legislativas y a su contribuci\u00f3n dentro de la representaci\u00f3n popular en Guerrero.<\/p>\n\n\n\n<p class=\"wp-block-paragraph\">El minuto de silencio se llev\u00f3 a cabo como parte de la jornada con la que inici\u00f3 formalmente el nuevo periodo ordinario de trabajos parlamentarios, en el que las y los legisladores refrendaron su compromiso de continuar con la labor institucional del Congreso local.<\/p>\n","protected":false},"excerpt":{"rendered":"<p>&#8212; Legisladores reconocieron su participaci\u00f3n en la vida p\u00fablica del estado Rosario Garc\u00eda Orozco Diputadas y diputados del Congreso del Estado de Guerrero realizaron un homenaje luctuoso en memoria de&hellip; <\/p>\n","protected":false},"author":14,"featured_media":104125,"comment_status":"open","ping_status":"open","sticky":false,"template":"","format":"standard","meta":{"fifu_image_url":"https:\/\/www.interaccionnoticias.com.mx\/wp-content\/uploads\/2026\/09\/260901-Congreso-del-Estado.jpg","fifu_image_alt":"","footnotes":""},"categories":[2],"tags":[],"class_list":["post-104122","post","type-post","status-publish","format-standard","has-post-thumbnail","hentry","category-congreso"],"_links":{"self":[{"href":"https:\/\/www.interaccionnoticias.com.mx\/index.php?rest_route=\/wp\/v2\/posts\/104122","targetHints":{"allow":["GET"]}}],"collection":[{"href":"https:\/\/www.interaccionnoticias.com.mx\/index.php?rest_route=\/wp\/v2\/posts"}],"about":[{"href":"https:\/\/www.interaccionnoticias.com.mx\/index.php?rest_route=\/wp\/v2\/types\/post"}],"author":[{"embeddable":true,"href":"https:\/\/www.interaccionnoticias.com.mx\/index.php?rest_route=\/wp\/v2\/users\/14"}],"replies":[{"embeddable":true,"href":"https:\/\/www.interaccionnoticias.com.mx\/index.php?rest_route=%2Fwp%2Fv2%2Fcomments&post=104122"}],"version-history":[{"count":1,"href":"https:\/\/www.interaccionnoticias.com.mx\/index.php?rest_route=\/wp\/v2\/posts\/104122\/revisions"}],"predecessor-version":[{"id":104124,"href":"https:\/\/www.interaccionnoticias.com.mx\/index.php?rest_route=\/wp\/v2\/posts\/104122\/revisions\/104124"}],"wp:featuredmedia":[{"embeddable":true,"href":"https:\/\/www.interaccionnoticias.com.mx\/index.php?rest_route=\/wp\/v2\/media\/104125"}],"wp:attachment":[{"href":"https:\/\/www.interaccionnoticias.com.mx\/index.php?rest_route=%2Fwp%2Fv2%2Fmedia&parent=104122"}],"wp:term":[{"taxonomy":"category","embeddable":true,"href":"https:\/\/www.interaccionnoticias.com.mx\/index.php?rest_route=%2Fwp%2Fv2%2Fcategories&post=104122"},{"taxonomy":"post_tag","embeddable":true,"href":"https:\/\/www.interaccionnoticias.com.mx\/index.php?rest_route=%2Fwp%2Fv2%2Ftags&post=104122"}],"curies":[{"name":"wp","href":"https:\/\/api.w.org\/{rel}","templated":true}]}}