{"id":104118,"date":"2026-09-01T15:32:32","date_gmt":"2026-09-01T21:32:32","guid":{"rendered":"https:\/\/www.interaccionnoticias.com.mx\/?p=104118"},"modified":"2026-09-01T15:32:33","modified_gmt":"2026-09-01T21:32:33","slug":"congreso-de-guerrero-evitara-que-proceso-electoral-de-2027-frene-acuerdos-legislativos-badillo-escamilla","status":"publish","type":"post","link":"https:\/\/www.interaccionnoticias.com.mx\/?p=104118","title":{"rendered":"Congreso de Guerrero evitar\u00e1 que proceso electoral de 2027 frene acuerdos legislativos: Badillo Escamilla"},"content":{"rendered":"\n<p class=\"wp-block-paragraph\"><strong><em>&#8212; El presidente de la Jucopo llam\u00f3 a las fuerzas pol\u00edticas a privilegiar el di\u00e1logo y advirti\u00f3 que la pr\u00f3xima contienda no debe generar par\u00e1lisis ni confrontaci\u00f3n en el Poder Legislativo<\/em><\/strong><\/p>\n\n\n\n<p class=\"wp-block-paragraph\"><strong>Rosario Garc\u00eda Orozco<\/strong><\/p>\n\n\n\n<p class=\"wp-block-paragraph\">El presidente de la Junta de Coordinaci\u00f3n Pol\u00edtica (Jucopo) del Congreso de Guerrero, Joaqu\u00edn Badillo Escamilla, consider\u00f3 que el proceso electoral de 2027 no debe convertirse en un factor de confrontaci\u00f3n pol\u00edtica ni en un obst\u00e1culo para el trabajo legislativo, por lo que refrend\u00f3 su compromiso de mantener este \u00f3rgano como un espacio de di\u00e1logo, equilibrio y construcci\u00f3n de acuerdos.<\/p>\n\n\n\n<p class=\"wp-block-paragraph\">Durante la instalaci\u00f3n del primer periodo ordinario de sesiones del tercer a\u00f1o de ejercicio constitucional, el legislador morenista se\u00f1al\u00f3 que la pr\u00f3xima contienda electoral estar\u00e1 marcada por tensiones y polarizaci\u00f3n, pero sostuvo que la responsabilidad del Congreso ser\u00e1 mantener la visi\u00f3n puesta en las necesidades de la poblaci\u00f3n y no en intereses partidistas.<\/p>\n\n\n\n<p class=\"wp-block-paragraph\">Badillo Escamilla destac\u00f3 que Guerrero enfrenta retos importantes en materia de seguridad, desarrollo social, gobernabilidad y recuperaci\u00f3n econ\u00f3mica, problem\u00e1ticas que, dijo, requieren respuestas integrales y no acciones divididas o insuficientes.<\/p>\n\n\n\n<p class=\"wp-block-paragraph\">Ante este escenario, convoc\u00f3 a los grupos parlamentarios y representaciones pol\u00edticas a privilegiar el di\u00e1logo, el consenso y los acuerdos para avanzar en los temas pendientes de la agenda legislativa.<\/p>\n\n\n\n<p class=\"wp-block-paragraph\">El coordinador parlamentario sostuvo que la Jucopo no debe entenderse como un instrumento para imponer decisiones mediante mayor\u00edas, sino como una mesa permanente de concertaci\u00f3n donde se escuchen y atiendan las distintas expresiones pol\u00edticas representadas en el Congreso local.<\/p>\n\n\n\n<p class=\"wp-block-paragraph\">Como parte de los compromisos para el \u00faltimo a\u00f1o de la actual Legislatura, estableci\u00f3 tres prioridades: mantener una apertura permanente al di\u00e1logo, construir consensos con rigor t\u00e9cnico y sensibilidad social, as\u00ed como garantizar el respeto a la pluralidad como base de la convivencia democr\u00e1tica.<\/p>\n\n\n\n<p class=\"wp-block-paragraph\">El diputado morenista resalt\u00f3 que entre los principales desaf\u00edos que enfrentar\u00e1 el Congreso en este periodo se encuentran la reforma constitucional al Poder Judicial y la aprobaci\u00f3n del presupuesto estatal para el ejercicio fiscal 2027, considerados como dos de los asuntos de mayor relevancia antes de concluir el actual periodo legislativo.<\/p>\n","protected":false},"excerpt":{"rendered":"<p>&#8212; El presidente de la Jucopo llam\u00f3 a las fuerzas pol\u00edticas a privilegiar el di\u00e1logo y advirti\u00f3 que la pr\u00f3xima contienda no debe generar par\u00e1lisis ni confrontaci\u00f3n en el Poder&hellip; <\/p>\n","protected":false},"author":14,"featured_media":104121,"comment_status":"open","ping_status":"open","sticky":false,"template":"","format":"standard","meta":{"fifu_image_url":"https:\/\/www.interaccionnoticias.com.mx\/wp-content\/uploads\/2026\/09\/260901-Joaquin-Badillo-Escamilla.jpg","fifu_image_alt":"","footnotes":""},"categories":[2],"tags":[],"class_list":["post-104118","post","type-post","status-publish","format-standard","has-post-thumbnail","hentry","category-congreso"],"_links":{"self":[{"href":"https:\/\/www.interaccionnoticias.com.mx\/index.php?rest_route=\/wp\/v2\/posts\/104118","targetHints":{"allow":["GET"]}}],"collection":[{"href":"https:\/\/www.interaccionnoticias.com.mx\/index.php?rest_route=\/wp\/v2\/posts"}],"about":[{"href":"https:\/\/www.interaccionnoticias.com.mx\/index.php?rest_route=\/wp\/v2\/types\/post"}],"author":[{"embeddable":true,"href":"https:\/\/www.interaccionnoticias.com.mx\/index.php?rest_route=\/wp\/v2\/users\/14"}],"replies":[{"embeddable":true,"href":"https:\/\/www.interaccionnoticias.com.mx\/index.php?rest_route=%2Fwp%2Fv2%2Fcomments&post=104118"}],"version-history":[{"count":1,"href":"https:\/\/www.interaccionnoticias.com.mx\/index.php?rest_route=\/wp\/v2\/posts\/104118\/revisions"}],"predecessor-version":[{"id":104120,"href":"https:\/\/www.interaccionnoticias.com.mx\/index.php?rest_route=\/wp\/v2\/posts\/104118\/revisions\/104120"}],"wp:featuredmedia":[{"embeddable":true,"href":"https:\/\/www.interaccionnoticias.com.mx\/index.php?rest_route=\/wp\/v2\/media\/104121"}],"wp:attachment":[{"href":"https:\/\/www.interaccionnoticias.com.mx\/index.php?rest_route=%2Fwp%2Fv2%2Fmedia&parent=104118"}],"wp:term":[{"taxonomy":"category","embeddable":true,"href":"https:\/\/www.interaccionnoticias.com.mx\/index.php?rest_route=%2Fwp%2Fv2%2Fcategories&post=104118"},{"taxonomy":"post_tag","embeddable":true,"href":"https:\/\/www.interaccionnoticias.com.mx\/index.php?rest_route=%2Fwp%2Fv2%2Ftags&post=104118"}],"curies":[{"name":"wp","href":"https:\/\/api.w.org\/{rel}","templated":true}]}}