{"id":104114,"date":"2026-09-01T14:20:14","date_gmt":"2026-09-01T20:20:14","guid":{"rendered":"https:\/\/www.interaccionnoticias.com.mx\/?p=104114"},"modified":"2026-09-01T14:20:15","modified_gmt":"2026-09-01T20:20:15","slug":"el-pasado-te-persigue-mas-si-estas-involucrado-en-la-politica-sentencia-esthela-damian","status":"publish","type":"post","link":"https:\/\/www.interaccionnoticias.com.mx\/?p=104114","title":{"rendered":"\u201cEl pasado te persigue, m\u00e1s si est\u00e1s involucrado en la pol\u00edtica\u201d, sentencia Esthela Dami\u00e1n"},"content":{"rendered":"\n<p class=\"wp-block-paragraph\"><strong><em>&#8212; La ex consejera jur\u00eddica de la presidencia de la Rep\u00fablica, dice que est\u00e1 lista para conocer los resultados de la encuesta del CEN de Morena<br>&#8212; Anticipa que no habr\u00e1 conflicto interno y sostiene; \u201cno habr\u00e1 \u00e9xodo por la democracia\u201d<\/em><\/strong><\/p>\n\n\n\n<p class=\"wp-block-paragraph\"><strong>Rogelio Agust\u00edn<\/strong><\/p>\n\n\n\n<p class=\"wp-block-paragraph\">\u201cEl pasado te persigue y m\u00e1s si est\u00e1s involucrado en la pol\u00edtica\u201d, asever\u00f3 la ex consejera jur\u00eddica de la Presidencia de la Rep\u00fablica, Esthela Dami\u00e1n Peralta, para luego descartar el riesgo de que el proceso interno de Morena dirige en una ruptura.<\/p>\n\n\n\n<p class=\"wp-block-paragraph\">A pocos d\u00edas de que legalmente se instale el proceso electoral constitucional, la tambi\u00e9n ex diputada federal sostiene que se encuentra lista para asumir el resultado que arroje la encuesta que realizar\u00e1 la Comisi\u00f3n de Elecciones del Comit\u00e9 Ejecutivo Nacional (CEN) de Morena.<\/p>\n\n\n\n<p class=\"wp-block-paragraph\">En esa parte, manifest\u00f3 que en una valoraci\u00f3n colectiva, como es el levantamiento de la muestra que se realizar\u00e1 en toda la entidad, sin duda intervienen muchos factores que operan a favor o en contra de los aspirantes.<\/p>\n\n\n\n<p class=\"wp-block-paragraph\">Indic\u00f3: \u201cEl pasado te persigue, no lo eliminas para bien o para mal, incluso, en lo pol\u00edtico nos pasa factura de manera inmediata\u201d.<\/p>\n\n\n\n<p class=\"wp-block-paragraph\">Destac\u00f3 que cuando se le ha respondido bien a la poblaci\u00f3n, cuando las cosas se han hecho con el cuidado de no perjudicar a las personas y el pol\u00edtico no se aleja del lugar en el que se fue electo, los ciudadanos conocen muy bien el perfil de quien llega para solicitar su apoyo.<\/p>\n\n\n\n<p class=\"wp-block-paragraph\">Indic\u00f3: \u201cSiempre hay recompensa o un pasado que te va a perseguir, que no te va a dejar mientras est\u00e9s en la pol\u00edtica\u201d.<\/p>\n\n\n\n<p class=\"wp-block-paragraph\">No habr\u00e1 \u00e9xodo por la democracia<\/p>\n\n\n\n<p class=\"wp-block-paragraph\">Dami\u00e1n Peralta manifest\u00f3 que se encuentra lista para conocer y asumir el resultado de la encuesta que realizar\u00e1 la dirigencia nacional de Morena.<\/p>\n\n\n\n<p class=\"wp-block-paragraph\">Reiter\u00f3 que si alguien m\u00e1s sale adelante est\u00e1 lista para levantarle la mano y respaldarlo, pero tambi\u00e9n dijo que espera la misma actitud de los dem\u00e1s aspirantes.<\/p>\n\n\n\n<p class=\"wp-block-paragraph\">Anticip\u00f3: \u201cNadie va a generar ning\u00fan \u00e9xodo por la democracia una vez que se den a conocer los resultados, esos fueron otros momentos, cuando en verdad hab\u00eda una confrontaci\u00f3n (con el poder p\u00fablico) mientras se luchaba por la democracia\u201d.<\/p>\n\n\n\n<p class=\"wp-block-paragraph\">Indic\u00f3 que desde el comienzo del proceso interno, sus actividades han registrado un incremento en el nivel de participaci\u00f3n, por eso reiter\u00f3 en que hay mucha confianza en el equipo que respalda su aspiraci\u00f3n.<\/p>\n","protected":false},"excerpt":{"rendered":"<p>&#8212; La ex consejera jur\u00eddica de la presidencia de la Rep\u00fablica, dice que est\u00e1 lista para conocer los resultados de la encuesta del CEN de Morena&#8212; Anticipa que no habr\u00e1&hellip; <\/p>\n","protected":false},"author":21,"featured_media":104117,"comment_status":"open","ping_status":"open","sticky":false,"template":"","format":"standard","meta":{"fifu_image_url":"https:\/\/www.interaccionnoticias.com.mx\/wp-content\/uploads\/2026\/09\/260901-Esthela-Damian.jpg","fifu_image_alt":"","footnotes":""},"categories":[18],"tags":[],"class_list":["post-104114","post","type-post","status-publish","format-standard","has-post-thumbnail","hentry","category-partidos-politicos"],"_links":{"self":[{"href":"https:\/\/www.interaccionnoticias.com.mx\/index.php?rest_route=\/wp\/v2\/posts\/104114","targetHints":{"allow":["GET"]}}],"collection":[{"href":"https:\/\/www.interaccionnoticias.com.mx\/index.php?rest_route=\/wp\/v2\/posts"}],"about":[{"href":"https:\/\/www.interaccionnoticias.com.mx\/index.php?rest_route=\/wp\/v2\/types\/post"}],"author":[{"embeddable":true,"href":"https:\/\/www.interaccionnoticias.com.mx\/index.php?rest_route=\/wp\/v2\/users\/21"}],"replies":[{"embeddable":true,"href":"https:\/\/www.interaccionnoticias.com.mx\/index.php?rest_route=%2Fwp%2Fv2%2Fcomments&post=104114"}],"version-history":[{"count":1,"href":"https:\/\/www.interaccionnoticias.com.mx\/index.php?rest_route=\/wp\/v2\/posts\/104114\/revisions"}],"predecessor-version":[{"id":104116,"href":"https:\/\/www.interaccionnoticias.com.mx\/index.php?rest_route=\/wp\/v2\/posts\/104114\/revisions\/104116"}],"wp:featuredmedia":[{"embeddable":true,"href":"https:\/\/www.interaccionnoticias.com.mx\/index.php?rest_route=\/wp\/v2\/media\/104117"}],"wp:attachment":[{"href":"https:\/\/www.interaccionnoticias.com.mx\/index.php?rest_route=%2Fwp%2Fv2%2Fmedia&parent=104114"}],"wp:term":[{"taxonomy":"category","embeddable":true,"href":"https:\/\/www.interaccionnoticias.com.mx\/index.php?rest_route=%2Fwp%2Fv2%2Fcategories&post=104114"},{"taxonomy":"post_tag","embeddable":true,"href":"https:\/\/www.interaccionnoticias.com.mx\/index.php?rest_route=%2Fwp%2Fv2%2Ftags&post=104114"}],"curies":[{"name":"wp","href":"https:\/\/api.w.org\/{rel}","templated":true}]}}