{"id":10300,"date":"2017-11-17T19:49:06","date_gmt":"2017-11-18T01:49:06","guid":{"rendered":"http:\/\/www.inter-accion.com.mx\/?p=10300"},"modified":"2017-11-17T19:49:06","modified_gmt":"2017-11-18T01:49:06","slug":"pide-secretario-de-asuntos-indigenas-mas-presupuesto-al-congreso-local","status":"publish","type":"post","link":"https:\/\/www.interaccionnoticias.com.mx\/?p=10300","title":{"rendered":"Pide secretario de Asuntos Ind\u00edgenas m\u00e1s presupuesto al Congreso local"},"content":{"rendered":"<p><strong>Este a\u00f1o solo recibi\u00f3 10.5 mdp<\/strong><\/p>\n<p class=\"m_6400410910421491038x_MsoNormal\"><span lang=\"ES\">En su comparecencia ante el Congreso local, el titular de la Secretar\u00eda de Asuntos Ind\u00edgenas del gobierno estatal, Gilberto Solano Arreaga consider\u00f3 necesario canalizar m\u00e1s recursos para dicha dependencia, pues es su principal limitante para cumplir con sus funciones.<\/span><\/p>\n<p class=\"m_6400410910421491038x_MsoNormal\"><span lang=\"ES\">En el cierre del ciclo de comparecencia que enmarca la glosa del segundo informe de labores, el titular de la SAI sostuvo que frente a la escasez de recursos, lo que importa tambi\u00e9n es mostrar oficio pol\u00edtico para canalizar adecuadamente los recursos que le son asignados en el presupuesto de egresos.<\/span><\/p>\n<p class=\"m_6400410910421491038x_MsoNormal\"><span lang=\"ES\">Para el caso de 2017, Asuntos Ind\u00edgenas de Guerrero solamente&nbsp;&nbsp;recibi\u00f3 10 millones con 500 mil pesos, lo que sostuvo, es completamente insuficiente.<\/span><\/p>\n<p class=\"m_6400410910421491038x_MsoNormal\"><span lang=\"ES\">Manifest\u00f3 que los problemas que enfrentan los pueblos originarios son muy grandes, raz\u00f3n por la que solicit\u00f3 a los diputados locales hacer un ejercicio de conciencia para incrementar un poco la partida que le ser\u00e1 dirigida para 2018.<\/span><\/p>\n<p class=\"m_6400410910421491038x_MsoNormal\"><span lang=\"ES\">Entre los principales retos que se enfrenta, dijo tambi\u00e9n que est\u00e1 la armonizaci\u00f3n de la Ley 701, pues hasta el momento, la Coordinadora Regional de Autoridades Comunitarias (CRAC) s\u00ed representa una verdadera alternativa para el problema de la soluci\u00f3n al problema de la inseguridad p\u00fablica.<\/span><\/p>\n<p class=\"m_6400410910421491038x_MsoNormal\"><span lang=\"ES\">Reconoci\u00f3 que hasta hace algunos a\u00f1os, era evidente que exist\u00eda un choque entre el sistema de seguridad y justicia de la CRAC con el Sistema de Administraci\u00f3n de Justicia del Poder Judicial local, pero en estos momentos se ha entrado en un proceso de armonizaci\u00f3n.<\/span><\/p>\n<p class=\"m_6400410910421491038x_MsoNormal\"><span lang=\"ES\">\u201cNo decimos que las diferencias est\u00e9n resueltas, pero lo cierto es que ya no est\u00e1n confrontados y se trabaja en un proceso de armonizaci\u00f3n, pues ha quedado superada la etapa de la polarizaci\u00f3n de tipo pol\u00edtico\u201d, destac\u00f3.<\/span><\/p>\n","protected":false},"excerpt":{"rendered":"<p>Este a\u00f1o solo recibi\u00f3 10.5 mdp En su comparecencia ante el Congreso local, el titular de la Secretar\u00eda de Asuntos Ind\u00edgenas del gobierno estatal, Gilberto Solano Arreaga consider\u00f3 necesario canalizar&hellip; <\/p>\n","protected":false},"author":1,"featured_media":0,"comment_status":"closed","ping_status":"closed","sticky":false,"template":"","format":"standard","meta":{"fifu_image_url":"","fifu_image_alt":"","footnotes":""},"categories":[2,8],"tags":[],"class_list":["post-10300","post","type-post","status-publish","format-standard","hentry","category-congreso","category-featured"],"_links":{"self":[{"href":"https:\/\/www.interaccionnoticias.com.mx\/index.php?rest_route=\/wp\/v2\/posts\/10300","targetHints":{"allow":["GET"]}}],"collection":[{"href":"https:\/\/www.interaccionnoticias.com.mx\/index.php?rest_route=\/wp\/v2\/posts"}],"about":[{"href":"https:\/\/www.interaccionnoticias.com.mx\/index.php?rest_route=\/wp\/v2\/types\/post"}],"author":[{"embeddable":true,"href":"https:\/\/www.interaccionnoticias.com.mx\/index.php?rest_route=\/wp\/v2\/users\/1"}],"replies":[{"embeddable":true,"href":"https:\/\/www.interaccionnoticias.com.mx\/index.php?rest_route=%2Fwp%2Fv2%2Fcomments&post=10300"}],"version-history":[{"count":0,"href":"https:\/\/www.interaccionnoticias.com.mx\/index.php?rest_route=\/wp\/v2\/posts\/10300\/revisions"}],"wp:attachment":[{"href":"https:\/\/www.interaccionnoticias.com.mx\/index.php?rest_route=%2Fwp%2Fv2%2Fmedia&parent=10300"}],"wp:term":[{"taxonomy":"category","embeddable":true,"href":"https:\/\/www.interaccionnoticias.com.mx\/index.php?rest_route=%2Fwp%2Fv2%2Fcategories&post=10300"},{"taxonomy":"post_tag","embeddable":true,"href":"https:\/\/www.interaccionnoticias.com.mx\/index.php?rest_route=%2Fwp%2Fv2%2Ftags&post=10300"}],"curies":[{"name":"wp","href":"https:\/\/api.w.org\/{rel}","templated":true}]}}