{"id":10297,"date":"2017-11-17T18:37:52","date_gmt":"2017-11-18T00:37:52","guid":{"rendered":"http:\/\/www.inter-accion.com.mx\/?p=10297"},"modified":"2017-11-17T18:37:52","modified_gmt":"2017-11-18T00:37:52","slug":"reconoce-el-alcalde-de-chilpancingo-que-es-tiempo-de-modificar-la-estrategia-de-seguridad","status":"publish","type":"post","link":"https:\/\/www.interaccionnoticias.com.mx\/?p=10297","title":{"rendered":"Reconoce el alcalde de Chilpancingo que es tiempo de modificar la estrategia de seguridad"},"content":{"rendered":"<p><strong>Ante el repunte de la violencia, que se&nbsp;reflej\u00f3 con cr\u00edmenes en el centro de la ciudad &nbsp;<\/strong><\/p>\n<p class=\"m_5357513177507158425x_MsoNormal\"><span lang=\"ES\">Ante los asesinatos cometidos en el primer cuadro de la ciudad, el alcalde Jes\u00fas Tejeda Vargas reconoci\u00f3 que se trata de hechos que generan alarma y por lo tanto, reconoci\u00f3 que ya es tiempo de modificar la estrategia que se implementa en materia de seguridad.<\/span><\/p>\n<p class=\"m_5357513177507158425x_MsoNormal\"><span lang=\"ES\">La tarde del mi\u00e9rcoles 15 de noviembre, un vendedor de fruta fue asesinado a balazos sobre la calle Rep\u00fablica del Salvador, a un costado del edificio que alberga la oficina de recaudaci\u00f3n fiscal de la Secretar\u00eda de Finanzas y Administraci\u00f3n, a una cuadra de la plaza central Primer Congreso de An\u00e1huac.<\/span><\/p>\n<p class=\"m_5357513177507158425x_MsoNormal\"><span lang=\"ES\">El jueves 16, el propietario de un negocio de celulares ubicado en la avenida Ignacio Ram\u00edrez, frente al Palacio Municipal de Chilpancingo fue ejecutado por un grupo de hombres que lo atac\u00f3 alrededor de las 13:00 horas, ante la mirada de decenas de bur\u00f3cratas que manten\u00edan tomado el inmueble, exigiendo la liberaci\u00f3n de sus pagos.<\/span><\/p>\n<p class=\"m_5357513177507158425x_MsoNormal\"><span lang=\"ES\">\u201cEsto nos genera alarma y nos inquieta, porque pasa tanto en el primer cuadro de la ciudad como en la periferia\u201d, dijo el primer edil, durante la inauguraci\u00f3n del Hotel Holiday Inn.<\/span><\/p>\n<p class=\"m_5357513177507158425x_MsoNormal\"><span lang=\"ES\">En consecuencia, reconoci\u00f3 que hace falta modificar la estrategia que se impulsa en materia de seguridad p\u00fablica y prevenci\u00f3n del delito.<\/span><\/p>\n<p class=\"m_5357513177507158425x_MsoNormal\"><span lang=\"ES\">Admiti\u00f3 que el se traslada en una camioneta blindada, pero aclar\u00f3 que dicha unidad le fue proporcionada por el gobierno estatal y no le cost\u00f3 al municipio.<\/span><\/p>\n<p class=\"m_5357513177507158425x_MsoNormal\"><span lang=\"ES\">La unidad en que se desplazaba el acalde con licencia, Marco Antonio Leyva Mena sufri\u00f3 una falla en la transmisi\u00f3n y no se mand\u00f3 reparar.<\/span><\/p>\n<p class=\"m_5357513177507158425x_MsoNormal\"><span lang=\"ES\">Ante el repunte de la violencia dijo que no ha permanecido inm\u00f3vil, pues la polic\u00eda preventiva municipal implementa de manera constante los operativos \u201cRastrillo\u201d y \u201cNido\u201d, que ayudan en mucho a bajar la incidencia delictiva, tanto en la parte del centro, mercados y los accesos a la ciudad.<\/span><\/p>\n<p class=\"m_5357513177507158425x_MsoNormal\"><span lang=\"ES\">Record\u00f3 que la capital del estado tiene alrededor de 300 mil habitantes, mientras que la Polic\u00eda Preventiva Municipal solamente cuenta con 117 polic\u00edas certificados, los que se dividen en dos turnos&nbsp;por razones muy obvias.<\/span><\/p>\n<p class=\"m_5357513177507158425x_MsoNormal\"><span lang=\"ES\">En los hechos, Chilpancingo tiene un promedio de 58 polic\u00edas para cubrir la ciudad, lo que es claramente insuficiente.<\/span><\/p>\n<p class=\"m_5357513177507158425x_MsoNormal\"><span lang=\"ES\">Para entrar en el rango de la regularidad, manifest\u00f3 que se necesitan por lo menos otros 150 elementos, lo que de momento parece dif\u00edcil de obtener.&nbsp;&nbsp;&nbsp;&nbsp;&nbsp;&nbsp;&nbsp;<\/span><\/p>\n<p class=\"m_5357513177507158425x_MsoNormal\"><span lang=\"ES\">Ante el evidente repunte de la violencia, Tejeda Vargas pidi\u00f3 la unidad y comprensi\u00f3n de la sociedad, en la certeza de que el trabaja con base a sus capacidades.<\/span><\/p>\n<p class=\"m_5357513177507158425x_MsoNormal\"><span lang=\"ES\">Durante la tarde del viernes, en diferentes puntos de la ciudad se instalaron filtros de revisi\u00f3n a cargo de la Polic\u00eda del Estado, la Investigadora Ministerial y con elementos del Ej\u00e9rcito Mexicano.<\/span><\/p>\n","protected":false},"excerpt":{"rendered":"<p>Ante el repunte de la violencia, que se&nbsp;reflej\u00f3 con cr\u00edmenes en el centro de la ciudad &nbsp; Ante los asesinatos cometidos en el primer cuadro de la ciudad, el alcalde&hellip; <\/p>\n","protected":false},"author":1,"featured_media":0,"comment_status":"closed","ping_status":"closed","sticky":false,"template":"","format":"standard","meta":{"fifu_image_url":"","fifu_image_alt":"","footnotes":""},"categories":[13,8],"tags":[],"class_list":["post-10297","post","type-post","status-publish","format-standard","hentry","category-capital","category-featured"],"_links":{"self":[{"href":"https:\/\/www.interaccionnoticias.com.mx\/index.php?rest_route=\/wp\/v2\/posts\/10297","targetHints":{"allow":["GET"]}}],"collection":[{"href":"https:\/\/www.interaccionnoticias.com.mx\/index.php?rest_route=\/wp\/v2\/posts"}],"about":[{"href":"https:\/\/www.interaccionnoticias.com.mx\/index.php?rest_route=\/wp\/v2\/types\/post"}],"author":[{"embeddable":true,"href":"https:\/\/www.interaccionnoticias.com.mx\/index.php?rest_route=\/wp\/v2\/users\/1"}],"replies":[{"embeddable":true,"href":"https:\/\/www.interaccionnoticias.com.mx\/index.php?rest_route=%2Fwp%2Fv2%2Fcomments&post=10297"}],"version-history":[{"count":0,"href":"https:\/\/www.interaccionnoticias.com.mx\/index.php?rest_route=\/wp\/v2\/posts\/10297\/revisions"}],"wp:attachment":[{"href":"https:\/\/www.interaccionnoticias.com.mx\/index.php?rest_route=%2Fwp%2Fv2%2Fmedia&parent=10297"}],"wp:term":[{"taxonomy":"category","embeddable":true,"href":"https:\/\/www.interaccionnoticias.com.mx\/index.php?rest_route=%2Fwp%2Fv2%2Fcategories&post=10297"},{"taxonomy":"post_tag","embeddable":true,"href":"https:\/\/www.interaccionnoticias.com.mx\/index.php?rest_route=%2Fwp%2Fv2%2Ftags&post=10297"}],"curies":[{"name":"wp","href":"https:\/\/api.w.org\/{rel}","templated":true}]}}