{"id":10288,"date":"2017-11-17T17:32:29","date_gmt":"2017-11-17T23:32:29","guid":{"rendered":"http:\/\/www.inter-accion.com.mx\/?p=10288"},"modified":"2017-11-17T17:32:29","modified_gmt":"2017-11-17T23:32:29","slug":"astudillo-aun-no-se-puede-evaluar-el-regreso-a-clases-en-chilapa","status":"publish","type":"post","link":"https:\/\/www.interaccionnoticias.com.mx\/?p=10288","title":{"rendered":"Astudillo: A\u00fan no se puede evaluar el regreso a clases en Chilapa"},"content":{"rendered":"<p class=\"m_-2476267425515251531x_MsoListParagraph\"><strong><span lang=\"ES\">Ser\u00e1 hasta el mi\u00e9rcoles pr\u00f3ximo, cuando haya condiciones<\/span><\/strong><\/p>\n<p class=\"m_-2476267425515251531x_MsoNormal\"><span lang=\"ES\">El gobernador H\u00e9ctor Astudillo Flores reconoci\u00f3 que todav\u00eda no se puede hacer una evaluaci\u00f3n puntual de cuantas escuelas han regresado a clases en Chilapa, aunque el secretario de Educaci\u00f3n Guerrero, Jos\u00e9 Luis Gonz\u00e1lez de la Vega Otero sostiene que son 320 las que ya reabrieron sus puertas, a partir de la vigilancia que mantiene el Ej\u00e9rcito Mexicano.<\/span><\/p>\n<p class=\"m_-2476267425515251531x_MsoNormal\"><span lang=\"ES\">La ma\u00f1ana del viernes, el jefe del Poder Ejecutivo local hizo algunas consideraciones respecto a la informaci\u00f3n que se desprende de la glosa de su segundo informe de labores, la cual se desarrolla en el Congreso del estado.<\/span><\/p>\n<p class=\"m_-2476267425515251531x_MsoNormal\"><span lang=\"ES\">Entre dichos elementos, dijo que esta lo relacionado con la reapertura de escuelas en Chilapa de Alvarez y municipios afectados por supuestas amenazas del crimen organizado.<\/span><\/p>\n<p class=\"m_-2476267425515251531x_MsoNormal\"><span lang=\"ES\">Coment\u00f3 que ten\u00eda programado viajar este s\u00e1bado 17 de noviembre a Chilapa y sus alrededores, sin embargo, declin\u00f3 hacerlo porque consider\u00f3 que no hab\u00eda muchos avances que evaluar, a partir de que se atraves\u00f3 el puente del aniversario del inicio de la Revoluci\u00f3n Mexicana.<\/span><\/p>\n<p class=\"m_-2476267425515251531x_MsoNormal\"><span lang=\"ES\">Sin embargo, dijo que probablemente el martes 21 o el mi\u00e9rcoles 22 haya condiciones para evaluar el regreso a clases de maestros y alumnos.<\/span><\/p>\n<p class=\"m_-2476267425515251531x_MsoNormal\"><span lang=\"ES\">Se le record\u00f3 que durante su comparecencia ante el Congreso local, el titular de la Secretar\u00eda de Educaci\u00f3n Guerrero (SEG), Jos\u00e9 Luis Gonz\u00e1lez de la Vega Otero dijo a los diputados locales que de lunes a mi\u00e9rcoles de la semana en curso hab\u00eda 320 escuelas reabiertas.<\/span><\/p>\n<p class=\"m_-2476267425515251531x_MsoNormal\"><span lang=\"ES\">El gobernador coment\u00f3 que lo mejor es esperar a que haya una evaluaci\u00f3n m\u00e1s certera el pr\u00f3ximo mi\u00e9rcoles, para tener m\u00e1s elementos de juicio.<\/span><\/p>\n<p class=\"m_-2476267425515251531x_MsoNormal\"><span lang=\"ES\">\u201cHa sido muy irregular, en muchos lugares fuera de la cabecera municipal (de Chilapa) s\u00ed han regresado pero en la cabecera no, como yo lo pude constatar\u201d, destac\u00f3.<\/span><\/p>\n<p class=\"m_-2476267425515251531x_MsoNormal\"><span lang=\"ES\">Record\u00f3 que los propios profesores est\u00e1n dialogando entre s\u00ed para organizar el retorno a clases, lo que se debe afianzar con los operativos que mantienen los cuerpos de seguridad.<\/span><\/p>\n<p class=\"m_-2476267425515251531x_MsoNormal\"><span lang=\"ES\">Hasta el momento, dijo que no se han tenido los elementos necesarios para conseguir la informaci\u00f3n relacionada con los tel\u00e9fonos desde los que se dirigen las amenazas contra los trabajadores de la educaci\u00f3n.<\/span><\/p>\n","protected":false},"excerpt":{"rendered":"<p>Ser\u00e1 hasta el mi\u00e9rcoles pr\u00f3ximo, cuando haya condiciones El gobernador H\u00e9ctor Astudillo Flores reconoci\u00f3 que todav\u00eda no se puede hacer una evaluaci\u00f3n puntual de cuantas escuelas han regresado a clases&hellip; <\/p>\n","protected":false},"author":1,"featured_media":0,"comment_status":"closed","ping_status":"closed","sticky":false,"template":"","format":"standard","meta":{"fifu_image_url":"","fifu_image_alt":"","footnotes":""},"categories":[8,11],"tags":[],"class_list":["post-10288","post","type-post","status-publish","format-standard","hentry","category-featured","category-guerrero"],"_links":{"self":[{"href":"https:\/\/www.interaccionnoticias.com.mx\/index.php?rest_route=\/wp\/v2\/posts\/10288","targetHints":{"allow":["GET"]}}],"collection":[{"href":"https:\/\/www.interaccionnoticias.com.mx\/index.php?rest_route=\/wp\/v2\/posts"}],"about":[{"href":"https:\/\/www.interaccionnoticias.com.mx\/index.php?rest_route=\/wp\/v2\/types\/post"}],"author":[{"embeddable":true,"href":"https:\/\/www.interaccionnoticias.com.mx\/index.php?rest_route=\/wp\/v2\/users\/1"}],"replies":[{"embeddable":true,"href":"https:\/\/www.interaccionnoticias.com.mx\/index.php?rest_route=%2Fwp%2Fv2%2Fcomments&post=10288"}],"version-history":[{"count":0,"href":"https:\/\/www.interaccionnoticias.com.mx\/index.php?rest_route=\/wp\/v2\/posts\/10288\/revisions"}],"wp:attachment":[{"href":"https:\/\/www.interaccionnoticias.com.mx\/index.php?rest_route=%2Fwp%2Fv2%2Fmedia&parent=10288"}],"wp:term":[{"taxonomy":"category","embeddable":true,"href":"https:\/\/www.interaccionnoticias.com.mx\/index.php?rest_route=%2Fwp%2Fv2%2Fcategories&post=10288"},{"taxonomy":"post_tag","embeddable":true,"href":"https:\/\/www.interaccionnoticias.com.mx\/index.php?rest_route=%2Fwp%2Fv2%2Ftags&post=10288"}],"curies":[{"name":"wp","href":"https:\/\/api.w.org\/{rel}","templated":true}]}}