{"id":102763,"date":"2026-05-01T12:40:00","date_gmt":"2026-05-01T18:40:00","guid":{"rendered":"https:\/\/www.interaccionnoticias.com.mx\/?p=102763"},"modified":"2026-05-01T15:07:39","modified_gmt":"2026-05-01T21:07:39","slug":"un-muerto-por-atropellamiento-en-la-autopista-del-sol","status":"publish","type":"post","link":"https:\/\/www.interaccionnoticias.com.mx\/?p=102763","title":{"rendered":"Un muerto por atropellamiento, en la Autopista del Sol"},"content":{"rendered":"\n<p><strong><em>&#8212; Cerca de la caseta de Palo Blanco, se desconoce la identidad de la v\u00edctima<\/em><\/strong><\/p>\n\n\n\n<p><strong>Rogelio Agust\u00edn<\/strong><\/p>\n\n\n\n<p>Un hombre muri\u00f3 atropellado en la Autopista del Sol, el mediod\u00eda del viernes casi al llegar a la caseta de peaje de Palo Blanco.<\/p>\n\n\n\n<p>El hecho fue confirmado por agentes de la Guardia Nacional (GN) secci\u00f3n caminos, quienes tras confirmar el hecho se dieron a la tarea de preservar la zona y esperar la llegada de servicios periciales y del Servicio M\u00e9dico Forense (Semefo).<\/p>\n\n\n\n<p>De acuerdo con la informaci\u00f3n que se tiene hasta el momento, la v\u00edctima es un var\u00f3n que fue arrollado sobre los carriles norte-sur, en direcci\u00f3n hacia el puerto de Acapulco.<\/p>\n\n\n\n<p>La victima qued\u00f3 tirada sobre el asfalto, en tanto que se desconoce que veh\u00edculo protagoniz\u00f3 el hecho, pues el conductor responsable opt\u00f3 por retirarse del lugar.<\/p>\n\n\n\n<p>El cad\u00e1ver fue trasladado a la morgue en calidad de desconocido.<\/p>\n","protected":false},"excerpt":{"rendered":"<p>&#8212; Cerca de la caseta de Palo Blanco, se desconoce la identidad de la v\u00edctima Rogelio Agust\u00edn Un hombre muri\u00f3 atropellado en la Autopista del Sol, el mediod\u00eda del viernes&hellip; <\/p>\n","protected":false},"author":21,"featured_media":102766,"comment_status":"open","ping_status":"open","sticky":false,"template":"","format":"standard","meta":{"fifu_image_url":"https:\/\/www.interaccionnoticias.com.mx\/wp-content\/uploads\/2026\/05\/260501-Muerto.jpg","fifu_image_alt":"","footnotes":""},"categories":[27],"tags":[],"class_list":["post-102763","post","type-post","status-publish","format-standard","has-post-thumbnail","hentry","category-seguridad-publica"],"_links":{"self":[{"href":"https:\/\/www.interaccionnoticias.com.mx\/index.php?rest_route=\/wp\/v2\/posts\/102763","targetHints":{"allow":["GET"]}}],"collection":[{"href":"https:\/\/www.interaccionnoticias.com.mx\/index.php?rest_route=\/wp\/v2\/posts"}],"about":[{"href":"https:\/\/www.interaccionnoticias.com.mx\/index.php?rest_route=\/wp\/v2\/types\/post"}],"author":[{"embeddable":true,"href":"https:\/\/www.interaccionnoticias.com.mx\/index.php?rest_route=\/wp\/v2\/users\/21"}],"replies":[{"embeddable":true,"href":"https:\/\/www.interaccionnoticias.com.mx\/index.php?rest_route=%2Fwp%2Fv2%2Fcomments&post=102763"}],"version-history":[{"count":1,"href":"https:\/\/www.interaccionnoticias.com.mx\/index.php?rest_route=\/wp\/v2\/posts\/102763\/revisions"}],"predecessor-version":[{"id":102765,"href":"https:\/\/www.interaccionnoticias.com.mx\/index.php?rest_route=\/wp\/v2\/posts\/102763\/revisions\/102765"}],"wp:featuredmedia":[{"embeddable":true,"href":"https:\/\/www.interaccionnoticias.com.mx\/index.php?rest_route=\/wp\/v2\/media\/102766"}],"wp:attachment":[{"href":"https:\/\/www.interaccionnoticias.com.mx\/index.php?rest_route=%2Fwp%2Fv2%2Fmedia&parent=102763"}],"wp:term":[{"taxonomy":"category","embeddable":true,"href":"https:\/\/www.interaccionnoticias.com.mx\/index.php?rest_route=%2Fwp%2Fv2%2Fcategories&post=102763"},{"taxonomy":"post_tag","embeddable":true,"href":"https:\/\/www.interaccionnoticias.com.mx\/index.php?rest_route=%2Fwp%2Fv2%2Ftags&post=102763"}],"curies":[{"name":"wp","href":"https:\/\/api.w.org\/{rel}","templated":true}]}}