{"id":10275,"date":"2017-11-17T15:21:21","date_gmt":"2017-11-17T21:21:21","guid":{"rendered":"http:\/\/www.inter-accion.com.mx\/?p=10275"},"modified":"2017-11-17T15:21:21","modified_gmt":"2017-11-17T21:21:21","slug":"marchan-maestros-de-la-ceteg-en-acapulco","status":"publish","type":"post","link":"https:\/\/www.interaccionnoticias.com.mx\/?p=10275","title":{"rendered":"Marchan maestros de la CETEG en Acapulco"},"content":{"rendered":"<p><br \/>\nAcapulco, Gro.- Maestros agrupados en la CETEG, organizaciones sociales y grupos sindicales de educaci\u00f3n media y superior marchan en la Costera Miguel Alem\u00e1n contra la reforma educativa y para exigir la reinstalaci\u00f3n de casi 600 docentes censados.<br \/>\nAl frente del contingente marchan un grupo compacto de hombres que llevan el rostron cubierto y portan palos, playeras negras y gorras en color rojo.<br \/>\nEn seguida un grupo de hombres con cartulinas con leyendas contra el edil porte\u00f1o Evodio Vel\u00e1zquez, la titular de la Sedesol en Guerrero, Alicia Zamora; piden audiencia al gobernador y la renuncia de funcionarios a los que califican de \u00abcorruptos.<br \/>\nAtr\u00e1s el contingente cetegistas de la Costa Grande, Costa Chica, Zona Centro y Acapulco, asi como el Sutcobach, el Consejo de Ejidos, y organizaciones sociales.<br \/>\nJulio C\u00e9sar Moyado Gaspar, vocero de la Comisi\u00f3n Pol\u00edtica de la CETEG, regi\u00f3n de la Costa Grande, sostuvo que la marcha tiene como objetivo exigir la apertura de mesas de trabajo peratuvas con la Secretaria de Educaci\u00f3n y el gobierno de Guerrero.&nbsp;<br \/>\n\u00abPrimero y lo m\u00e1s importante es dar a conocer a los compa\u00f1eros de las siete regiones la nueva elecci\u00f3n de los comit\u00e9s entre ellos el de Acapulco.<br \/>\n\u00abAdem\u00e1s de seguir pugnando contra la mal llamada reforma educativa, de la evaluaci\u00f3n punitiva y castigo a los responsables por la desaparici\u00f3n de los 43 nornalistas\u00bb, dijo el representante de la CETEG, Moyado Gaspar.<br \/>\nLa marcha parti\u00f3 del asta bandera en direcci\u00f3n al Centro de Convenciones de Acapulco y ocupa los cuatro carriles en direcci\u00f3n del Z\u00f3calo a La Base Naval en la zona tur\u00edstica del puerto.<\/p>\n","protected":false},"excerpt":{"rendered":"<p>Acapulco, Gro.- Maestros agrupados en la CETEG, organizaciones sociales y grupos sindicales de educaci\u00f3n media y superior marchan en la Costera Miguel Alem\u00e1n contra la reforma educativa y para exigir&hellip; <\/p>\n","protected":false},"author":1,"featured_media":0,"comment_status":"closed","ping_status":"closed","sticky":false,"template":"","format":"standard","meta":{"fifu_image_url":"","fifu_image_alt":"","footnotes":""},"categories":[6,8],"tags":[],"class_list":["post-10275","post","type-post","status-publish","format-standard","hentry","category-educacion","category-featured"],"_links":{"self":[{"href":"https:\/\/www.interaccionnoticias.com.mx\/index.php?rest_route=\/wp\/v2\/posts\/10275","targetHints":{"allow":["GET"]}}],"collection":[{"href":"https:\/\/www.interaccionnoticias.com.mx\/index.php?rest_route=\/wp\/v2\/posts"}],"about":[{"href":"https:\/\/www.interaccionnoticias.com.mx\/index.php?rest_route=\/wp\/v2\/types\/post"}],"author":[{"embeddable":true,"href":"https:\/\/www.interaccionnoticias.com.mx\/index.php?rest_route=\/wp\/v2\/users\/1"}],"replies":[{"embeddable":true,"href":"https:\/\/www.interaccionnoticias.com.mx\/index.php?rest_route=%2Fwp%2Fv2%2Fcomments&post=10275"}],"version-history":[{"count":0,"href":"https:\/\/www.interaccionnoticias.com.mx\/index.php?rest_route=\/wp\/v2\/posts\/10275\/revisions"}],"wp:attachment":[{"href":"https:\/\/www.interaccionnoticias.com.mx\/index.php?rest_route=%2Fwp%2Fv2%2Fmedia&parent=10275"}],"wp:term":[{"taxonomy":"category","embeddable":true,"href":"https:\/\/www.interaccionnoticias.com.mx\/index.php?rest_route=%2Fwp%2Fv2%2Fcategories&post=10275"},{"taxonomy":"post_tag","embeddable":true,"href":"https:\/\/www.interaccionnoticias.com.mx\/index.php?rest_route=%2Fwp%2Fv2%2Ftags&post=10275"}],"curies":[{"name":"wp","href":"https:\/\/api.w.org\/{rel}","templated":true}]}}