{"id":102720,"date":"2026-04-30T21:20:33","date_gmt":"2026-05-01T03:20:33","guid":{"rendered":"https:\/\/www.interaccionnoticias.com.mx\/?p=102720"},"modified":"2026-04-30T21:20:38","modified_gmt":"2026-05-01T03:20:38","slug":"refuerzan-el-operativo-de-seguridad-en-taxco-de-alarcon","status":"publish","type":"post","link":"https:\/\/www.interaccionnoticias.com.mx\/?p=102720","title":{"rendered":"Refuerzan el operativo de seguridad en Taxco de Alarc\u00f3n"},"content":{"rendered":"\n<p><strong><em>&#8212; Las autoridades le apuestan al turismo tras la crisis de seguridad<br>&#8212; Aseguran que habr\u00e1 una ocupaci\u00f3n superior al 80% el fin de semana largo<\/em><\/strong><\/p>\n\n\n\n<p><strong>Javier Trujillo<\/strong><\/p>\n\n\n\n<p><strong>Acapulco, Gro.- <\/strong>Tras los recientes hechos de violencia que sacudieron al gobierno de Taxco de Alarc\u00f3n, ahora sus autoridades le apuestan al turismo con el reforzamiento de la seguridad como principales ejes para reactivar la econom\u00eda local.<\/p>\n\n\n\n<p>El alcalde del municipio platero, Juan Andr\u00e9s Vega Carranza, afirm\u00f3 que existe una coordinaci\u00f3n con las autoridades estatales y federales lo cual permite garantizar las condiciones de seguridad en los eventos de alta afluencia turistica, como el &#8216;Festival del Taco&#8217;, que se realizar\u00e1 los pr\u00f3ximos tres d\u00edas, en el marco de la edici\u00f3n 50 del Tianguis Tur\u00edstico.<\/p>\n\n\n\n<p>\u201cHay mucha comunicaci\u00f3n, mucha coordinaci\u00f3n y sobre todo en este tipo de eventos hay operativos especiales para tener presencia.<\/p>\n\n\n\n<p>\u00abEs algo que vamos a seguir garantizando\u201d, sostuvo el edil Vega Carranza, tras la inauguraci\u00f3n del evento en la Plaza Borda.<\/p>\n\n\n\n<p>Mencion\u00f3 que estos operativos de seguridad buscan principalmente generar confianza entre los visitantes y prestadores de servicios, d\u00f3nde el municipio busca superar los episodios de violencia e inseguridad que impactaron su imagen.<\/p>\n\n\n\n<p>Al mismo tiempo, refiri\u00f3 qu\u00e9 el tambi\u00e9n pueblo m\u00e1gico, impulsa su oferta tur\u00edstica con una estrategia combinando la cultura, la promoci\u00f3n, sobre todo la gastronom\u00eda, y la promoci\u00f3n institucional.<\/p>\n\n\n\n<p>As\u00ed, por primera vez, el municipio platero sobresale como sede alterna en la edici\u00f3n n\u00famero 50 del Tianguis Tur\u00edstico, lo que ha permitido ampliar la visibilidad del destino.<\/p>\n\n\n\n<p>\u201cEstamos muy contentos de recibir una ampliaci\u00f3n del tianguis tur\u00edstico, el festival del taco, que va a durar tres d\u00edas por primera vez tiene una sede alterna y es Taxco de Alarc\u00f3n\u201d, se\u00f1al\u00f3 el edil morenista.<\/p>\n\n\n\n<p>Tambi\u00e9n, reconoci\u00f3 el respaldo del gobierno de la mandataria estatal, Evelyn Salgado, en la promoci\u00f3n del destino, as\u00ed como las acciones de rehabilitaci\u00f3n como la renovaci\u00f3n de la Plaza Borda, que forman parte del esfuerzo por mejorar la experiencia del visitante.<\/p>\n\n\n\n<p>En relaci\u00f3n a la afluencia tur\u00edstica, Vega Carranza se\u00f1al\u00f3 que Taxco de Alarc\u00f3n, ha registrado una recuperaci\u00f3n sostenida con niveles de ocupaci\u00f3n hotelera que superan el 80 por ciento sobre todo los fines de semana largos.<\/p>\n\n\n\n<p>Record\u00f3 que el pasado periodo vacacional de la Semana Santa lo cerraron muy bien, con dos d\u00edas hist\u00f3ricos al cien por ciento de ocupaci\u00f3n hotelera.<\/p>\n\n\n\n<p>Adem\u00e1s, se\u00f1al\u00f3 que para el actual puente vacacional, las autoridades proyectan nuevamente una ocupaci\u00f3n que supere el 80 por ciento, impulsada por la agenda tur\u00edstica, basada en el reforzamiento de la seguridad.<\/p>\n","protected":false},"excerpt":{"rendered":"<p>&#8212; Las autoridades le apuestan al turismo tras la crisis de seguridad&#8212; Aseguran que habr\u00e1 una ocupaci\u00f3n superior al 80% el fin de semana largo Javier Trujillo Acapulco, Gro.- Tras&hellip; <\/p>\n","protected":false},"author":3,"featured_media":102723,"comment_status":"open","ping_status":"open","sticky":false,"template":"","format":"standard","meta":{"fifu_image_url":"https:\/\/www.interaccionnoticias.com.mx\/wp-content\/uploads\/2026\/04\/260430-Juan-Andres-Vega-Carranza.jpg","fifu_image_alt":"","footnotes":""},"categories":[23],"tags":[],"class_list":["post-102720","post","type-post","status-publish","format-standard","has-post-thumbnail","hentry","category-regionales"],"_links":{"self":[{"href":"https:\/\/www.interaccionnoticias.com.mx\/index.php?rest_route=\/wp\/v2\/posts\/102720","targetHints":{"allow":["GET"]}}],"collection":[{"href":"https:\/\/www.interaccionnoticias.com.mx\/index.php?rest_route=\/wp\/v2\/posts"}],"about":[{"href":"https:\/\/www.interaccionnoticias.com.mx\/index.php?rest_route=\/wp\/v2\/types\/post"}],"author":[{"embeddable":true,"href":"https:\/\/www.interaccionnoticias.com.mx\/index.php?rest_route=\/wp\/v2\/users\/3"}],"replies":[{"embeddable":true,"href":"https:\/\/www.interaccionnoticias.com.mx\/index.php?rest_route=%2Fwp%2Fv2%2Fcomments&post=102720"}],"version-history":[{"count":1,"href":"https:\/\/www.interaccionnoticias.com.mx\/index.php?rest_route=\/wp\/v2\/posts\/102720\/revisions"}],"predecessor-version":[{"id":102722,"href":"https:\/\/www.interaccionnoticias.com.mx\/index.php?rest_route=\/wp\/v2\/posts\/102720\/revisions\/102722"}],"wp:featuredmedia":[{"embeddable":true,"href":"https:\/\/www.interaccionnoticias.com.mx\/index.php?rest_route=\/wp\/v2\/media\/102723"}],"wp:attachment":[{"href":"https:\/\/www.interaccionnoticias.com.mx\/index.php?rest_route=%2Fwp%2Fv2%2Fmedia&parent=102720"}],"wp:term":[{"taxonomy":"category","embeddable":true,"href":"https:\/\/www.interaccionnoticias.com.mx\/index.php?rest_route=%2Fwp%2Fv2%2Fcategories&post=102720"},{"taxonomy":"post_tag","embeddable":true,"href":"https:\/\/www.interaccionnoticias.com.mx\/index.php?rest_route=%2Fwp%2Fv2%2Ftags&post=102720"}],"curies":[{"name":"wp","href":"https:\/\/api.w.org\/{rel}","templated":true}]}}