{"id":102711,"date":"2026-04-30T17:45:45","date_gmt":"2026-04-30T23:45:45","guid":{"rendered":"https:\/\/www.interaccionnoticias.com.mx\/?p=102711"},"modified":"2026-04-30T17:45:46","modified_gmt":"2026-04-30T23:45:46","slug":"tras-10-anos-de-litigio-resuelve-el-tribunal-agrario-llevar-a-cabo-eleccion-del-comisariado-de-chichihualco","status":"publish","type":"post","link":"https:\/\/www.interaccionnoticias.com.mx\/?p=102711","title":{"rendered":"Tras 10 a\u00f1os de litigio resuelve el Tribunal Agrario llevar a cabo elecci\u00f3n del comisariado de Chichihualco"},"content":{"rendered":"\n<p><strong><em>&#8212; Antes se revisar\u00e1 el padr\u00f3n de ejidatarios<\/em><\/strong><\/p>\n\n\n\n<p><strong>Rosario Garc\u00eda Orozco<\/strong><\/p>\n\n\n\n<p>El Tribunal Agrario resolvi\u00f3 que se lleve a cabo la elecci\u00f3n del Comisariado edidal de Chichihualco, luego de 10 a\u00f1os de litigio, pero antes se deber\u00e1 revisar el padr\u00f3n de ejidatarios y se emitir\u00e1 la convocatoria correspondiente.<\/p>\n\n\n\n<p>El dirigente estatal de la Liga de Comunidades Agrarias y Sindicatos Campesinos, Evencio Romero Sotelo, inform\u00f3 que este jueves se llev\u00f3 a cabo una audiencia incidental en el Tribunal Agrario n\u00famero 12, con cede en Chilpancingo, con la asistencia de representantes de los dos grupos en conflicto as\u00ed como de la Subsecretar\u00eda de Asuntos Agrarios, Registro Agrario Nacional, Secretar\u00eda de Desarrollo Urbano y Territorial y la Procuradur\u00eda Agraria.<\/p>\n\n\n\n<p>Lo anterior como parte de la sentencia que emiti\u00f3 el Tribunal Colegiado de Circuito en Acapulco, y se requer\u00eda que se pusieran de acuerdo ambas partes para que se lleve a cabo la elecci\u00f3n, \u00abse acord\u00f3 que tanto la Procuradur\u00eda Agraria como el Registro Agrario Nacional sean coadyuvantes en la elecci\u00f3n, pero que la convocatoria la realizar\u00e1 el Consejo de Vigilancia\u00bb.<\/p>\n\n\n\n<p>Antes, refiri\u00f3, se deber\u00e1 llevar a cabo la revisi\u00f3n del padr\u00f3n de ejidatarios y posteriormente se emitir\u00e1 la convocatoria para que se realice la elecci\u00f3n del nuevo comisariado ejidal de Chichihualco, con la coadyuvancia de las autoridades federales y estatales, \u00ablo que le dar\u00e1 certeza a la elecci\u00f3n, que pr\u00e1cticamente desde hace 10 a\u00f1os hemos estado litigando para que se pueda realizar\u00bb.<\/p>\n\n\n\n<p>Este proceso, mencion\u00f3 el l\u00edder campesino le dar\u00e1 certeza a las nuevas autoridades del Comisariado Ejidal de Chichihualco, que desde hace varios a\u00f1os no hab\u00eda podido concretarse por los conflictos constantes.<\/p>\n\n\n\n<p>Confi\u00f3 en que la a elecci\u00f3n que se llevar\u00e1 a cabo sea positiva y que los involucrados respeten las leyes en la materia para que por fin se pueda contar con las nuevas autoridades que representan a todo el Ejido de Chichihualco.<\/p>\n","protected":false},"excerpt":{"rendered":"<p>&#8212; Antes se revisar\u00e1 el padr\u00f3n de ejidatarios Rosario Garc\u00eda Orozco El Tribunal Agrario resolvi\u00f3 que se lleve a cabo la elecci\u00f3n del Comisariado edidal de Chichihualco, luego de 10&hellip; <\/p>\n","protected":false},"author":14,"featured_media":102714,"comment_status":"open","ping_status":"open","sticky":false,"template":"","format":"standard","meta":{"fifu_image_url":"https:\/\/www.interaccionnoticias.com.mx\/wp-content\/uploads\/2026\/04\/260430-Evencio-Romero-Sotelo.jpg","fifu_image_alt":"","footnotes":""},"categories":[23],"tags":[],"class_list":["post-102711","post","type-post","status-publish","format-standard","has-post-thumbnail","hentry","category-regionales"],"_links":{"self":[{"href":"https:\/\/www.interaccionnoticias.com.mx\/index.php?rest_route=\/wp\/v2\/posts\/102711","targetHints":{"allow":["GET"]}}],"collection":[{"href":"https:\/\/www.interaccionnoticias.com.mx\/index.php?rest_route=\/wp\/v2\/posts"}],"about":[{"href":"https:\/\/www.interaccionnoticias.com.mx\/index.php?rest_route=\/wp\/v2\/types\/post"}],"author":[{"embeddable":true,"href":"https:\/\/www.interaccionnoticias.com.mx\/index.php?rest_route=\/wp\/v2\/users\/14"}],"replies":[{"embeddable":true,"href":"https:\/\/www.interaccionnoticias.com.mx\/index.php?rest_route=%2Fwp%2Fv2%2Fcomments&post=102711"}],"version-history":[{"count":1,"href":"https:\/\/www.interaccionnoticias.com.mx\/index.php?rest_route=\/wp\/v2\/posts\/102711\/revisions"}],"predecessor-version":[{"id":102713,"href":"https:\/\/www.interaccionnoticias.com.mx\/index.php?rest_route=\/wp\/v2\/posts\/102711\/revisions\/102713"}],"wp:featuredmedia":[{"embeddable":true,"href":"https:\/\/www.interaccionnoticias.com.mx\/index.php?rest_route=\/wp\/v2\/media\/102714"}],"wp:attachment":[{"href":"https:\/\/www.interaccionnoticias.com.mx\/index.php?rest_route=%2Fwp%2Fv2%2Fmedia&parent=102711"}],"wp:term":[{"taxonomy":"category","embeddable":true,"href":"https:\/\/www.interaccionnoticias.com.mx\/index.php?rest_route=%2Fwp%2Fv2%2Fcategories&post=102711"},{"taxonomy":"post_tag","embeddable":true,"href":"https:\/\/www.interaccionnoticias.com.mx\/index.php?rest_route=%2Fwp%2Fv2%2Ftags&post=102711"}],"curies":[{"name":"wp","href":"https:\/\/api.w.org\/{rel}","templated":true}]}}