{"id":102675,"date":"2026-04-30T10:55:04","date_gmt":"2026-04-30T16:55:04","guid":{"rendered":"https:\/\/www.interaccionnoticias.com.mx\/?p=102675"},"modified":"2026-04-30T10:55:06","modified_gmt":"2026-04-30T16:55:06","slug":"descarta-felix-salgado-que-morena-lo-vaya-a-desechar-como-basura","status":"publish","type":"post","link":"https:\/\/www.interaccionnoticias.com.mx\/?p=102675","title":{"rendered":"Descarta F\u00e9lix Salgado que MORENA lo vaya a \u201cdesechar como basura\u201d"},"content":{"rendered":"\n<p><em><strong>&#8212; Ser pap\u00e1 de la gobernadora Evelyn Salgado, el principal negativo que opera en su contra, de cara a los comicios de 2027<br>&#8212; Conf\u00eda en la valoraci\u00f3n que habr\u00e1 de realizar el partido, pero sostiene que est\u00e1 orgulloso de la actual gobernadora de Guerrero<\/strong><\/em><\/p>\n\n\n\n<p><strong>Rogelio Agust\u00edn<\/strong><\/p>\n\n\n\n<p>Aunque reconoce que es el personaje pol\u00edtico con m\u00e1s \u201cnegativos\u201d en el mapa pol\u00edtico de Guerrero, el senador F\u00e9lix Salgado Macedonio descart\u00f3 la posibilidad de que lo vayan a\u201cdesechar como basura\u201d, de cara a la definici\u00f3n de quien contender\u00e1 por la gubernatura en los comicios de 2027.<\/p>\n\n\n\n<p>Una vez que ha terminado el periodo ordinario de sesiones en el Senado de la Rep\u00fablica, Salgado Macedonio confirm\u00f3 que realizar\u00e1 un recorrido por diferentes puntos de la entidad.<\/p>\n\n\n\n<p>Indic\u00f3 que en su momento solicitar\u00e1 licencia para separarse del cargo, pero aclar\u00f3 que no ser\u00e1 en estos momentos, para no mandar a la opini\u00f3n p\u00fablica un mensaje que pudiera estar equivocado.<\/p>\n\n\n\n<p>Dijo que esperar\u00e1 a que transcurra el proceso de decisi\u00f3n en MORENA, en el que aclar\u00f3: \u201cYo no meto mi cuchara\u201d, tambi\u00e9n sostuvo que \u00e9l se mantendr\u00e1 completamente al margen de campa\u00f1as de odio, tampoco de acciones que representen desprestigio para sus compa\u00f1eros de partido.<\/p>\n\n\n\n<p>Sostuvo que cuando toca participar las cosas se dan, pero cuando no \u201caunque te pongas\u201d.<\/p>\n\n\n\n<p>No obstante, habl\u00f3 sobre las encuestas que la dirigencia nacional de MORENA realizar\u00e1 para medir el posicionamiento de sus aspirantes.<\/p>\n\n\n\n<p>Anticip\u00f3 que en su momento se sabr\u00e1 quien es el mejor ubicado en las encuestas, pero aclar\u00f3 que no se trata solo de una medici\u00f3n fr\u00eda, pues los perfiles ser\u00e1n sometidos a un minucioso proceso de revisi\u00f3n, tanto en lo pol\u00edtico como en lo moral y \u00e9tico.<\/p>\n\n\n\n<p>Explic\u00f3: \u201cPorque puede ser uno muy famoso, el m\u00e1s reconocido, pero los negatuvos pesan mucho y yo soy un hombre de muchos negativos\u201d.<\/p>\n\n\n\n<p>Continu\u00f3: \u201cYo puedo tener m\u00e1s negativos que positivos, eso habr\u00e1 una comisi\u00f3n que lo evaluar\u00e1; el principal negativo que tengo es que mi hija es la gobernadora. Eso es lo que pesa sobre mi persona\u201d.<\/p>\n\n\n\n<p>Admiti\u00f3 que su condic\u00f3n de pafre de la gobernadora del estado \u201cgenera mucho prejuicio en la gente\u201d.<\/p>\n\n\n\n<p>Pero si bien reconoce cual es el punto negativo m\u00e1s importante que existe sobre su persona, tambi\u00e9n reconoci\u00f3 que el suyo es un perfil que se debe analizar con detalle.<\/p>\n\n\n\n<p>\u201cNo creo que haya un descarte autom\u00e1tico, que me digan F\u00e9lix t\u00fa no vas a ser, no te van a desechar como si fueras basura\u201d.<\/p>\n\n\n\n<p>El ya tres veces candidato a la gubernatura de Guerrero refiri\u00f3 que se debe dialogar con mucho detalle sobre el tema, buscar puntos de coincidencia, una valoraci\u00f3n sobre lo que digan las encuestas.<\/p>\n\n\n\n<p>En la parte final de ese punto abordado en la transmisi\u00f3n, Salgado Macedonio refiere que en MORENA las encuestas son cre\u00edbles y juegan un papel clave para decidir los perfiles m\u00e1s adecuados para la competici\u00f3n.<\/p>\n\n\n\n<p>Reite\u00f3 que se encuentra cuesta arriba porque es pap\u00e1 de la actual jefa del Ejecutivo local, pero enfatiz\u00f3 en que se encuentra ogulloso de que Evelyn Salgado este considerada entre las y los mejores gobernadores del pa\u00eds.<\/p>\n","protected":false},"excerpt":{"rendered":"<p>&#8212; Ser pap\u00e1 de la gobernadora Evelyn Salgado, el principal negativo que opera en su contra, de cara a los comicios de 2027&#8212; Conf\u00eda en la valoraci\u00f3n que habr\u00e1 de&hellip; <\/p>\n","protected":false},"author":21,"featured_media":102678,"comment_status":"open","ping_status":"open","sticky":false,"template":"","format":"standard","meta":{"fifu_image_url":"https:\/\/www.interaccionnoticias.com.mx\/wp-content\/uploads\/2026\/04\/260430-Felix-Salgado-Macedonio.jpg","fifu_image_alt":"","footnotes":""},"categories":[21],"tags":[],"class_list":["post-102675","post","type-post","status-publish","format-standard","has-post-thumbnail","hentry","category-politica"],"_links":{"self":[{"href":"https:\/\/www.interaccionnoticias.com.mx\/index.php?rest_route=\/wp\/v2\/posts\/102675","targetHints":{"allow":["GET"]}}],"collection":[{"href":"https:\/\/www.interaccionnoticias.com.mx\/index.php?rest_route=\/wp\/v2\/posts"}],"about":[{"href":"https:\/\/www.interaccionnoticias.com.mx\/index.php?rest_route=\/wp\/v2\/types\/post"}],"author":[{"embeddable":true,"href":"https:\/\/www.interaccionnoticias.com.mx\/index.php?rest_route=\/wp\/v2\/users\/21"}],"replies":[{"embeddable":true,"href":"https:\/\/www.interaccionnoticias.com.mx\/index.php?rest_route=%2Fwp%2Fv2%2Fcomments&post=102675"}],"version-history":[{"count":1,"href":"https:\/\/www.interaccionnoticias.com.mx\/index.php?rest_route=\/wp\/v2\/posts\/102675\/revisions"}],"predecessor-version":[{"id":102677,"href":"https:\/\/www.interaccionnoticias.com.mx\/index.php?rest_route=\/wp\/v2\/posts\/102675\/revisions\/102677"}],"wp:featuredmedia":[{"embeddable":true,"href":"https:\/\/www.interaccionnoticias.com.mx\/index.php?rest_route=\/wp\/v2\/media\/102678"}],"wp:attachment":[{"href":"https:\/\/www.interaccionnoticias.com.mx\/index.php?rest_route=%2Fwp%2Fv2%2Fmedia&parent=102675"}],"wp:term":[{"taxonomy":"category","embeddable":true,"href":"https:\/\/www.interaccionnoticias.com.mx\/index.php?rest_route=%2Fwp%2Fv2%2Fcategories&post=102675"},{"taxonomy":"post_tag","embeddable":true,"href":"https:\/\/www.interaccionnoticias.com.mx\/index.php?rest_route=%2Fwp%2Fv2%2Ftags&post=102675"}],"curies":[{"name":"wp","href":"https:\/\/api.w.org\/{rel}","templated":true}]}}