{"id":102665,"date":"2026-04-30T10:33:16","date_gmt":"2026-04-30T16:33:16","guid":{"rendered":"https:\/\/www.interaccionnoticias.com.mx\/?p=102665"},"modified":"2026-04-30T10:35:14","modified_gmt":"2026-04-30T16:35:14","slug":"se-quema-un-local-en-el-mercado-de-la-aviacion-en-tlapa","status":"publish","type":"post","link":"https:\/\/www.interaccionnoticias.com.mx\/?p=102665","title":{"rendered":"Se quema un local en el Mercado de la Aviaci\u00f3n, en Tlapa"},"content":{"rendered":"\n<p><strong><em>No hay personas lesionadas, se movilizaron elementos de Protecci\u00f3n Civil y ciudadanos<\/em><\/strong><\/p>\n\n\n\n<p><strong>Interacci\u00f3n<\/strong><\/p>\n\n\n\n<p><strong>Tlapa de Comonfort, Gro., 29 de abril de 2026.\u2013<\/strong> Elementos de Protecci\u00f3n Civil Municipal y ciudadanos sofocaron el incendio de un local en el Mercado de la Aviaci\u00f3n, de Tlapa, donde no se reportaron personas lesionadas.<\/p>\n\n\n\n<p>En dicho lugar se localiz\u00f3 una conglagraci\u00f3n generada por la quema de dentro de un local, pero ante la reacci\u00f3n del personal y los propios comerciantes, el fuego fue sofocado, lo que evit\u00f3 que se propagara hacia otros establecimientos y se causaran da\u00f1os mayores.<\/p>\n\n\n\n<p>Protecci\u00f3n Civil realiz\u00f3 la verificaci\u00f3n correspondiente, asegurando la zona y emitiendo recomendaciones preventivas, para evitar otro tipo de incidentes, reiterando la importancia de no realizar quemas en espacios cerrados o de alto riesgo.<\/p>\n\n\n\n<p>El Gobierno Municipal reconoci\u00f3 que fue gracias a las y los comerciantes, as\u00ed como a vecinos que se sumaron de manera solidaria para sofocar el incendio, cuya intervenci\u00f3n fue clave para evitar consecuencias mayores.<\/p>\n\n\n\n<p>El municipio indic\u00f3 que Protecci\u00f3n Civil Municipal se mantiene atenta, en coordinaci\u00f3n permanente para atender cualquier emergencia, exhortando a la poblaci\u00f3n a reportar de inmediato cualquier situaci\u00f3n de riesgo.<\/p>\n","protected":false},"excerpt":{"rendered":"<p>No hay personas lesionadas, se movilizaron elementos de Protecci\u00f3n Civil y ciudadanos Interacci\u00f3n Tlapa de Comonfort, Gro., 29 de abril de 2026.\u2013 Elementos de Protecci\u00f3n Civil Municipal y ciudadanos sofocaron&hellip; <\/p>\n","protected":false},"author":19,"featured_media":102668,"comment_status":"open","ping_status":"open","sticky":false,"template":"","format":"standard","meta":{"fifu_image_url":"https:\/\/www.interaccionnoticias.com.mx\/wp-content\/uploads\/2026\/04\/260430-Tlapa.jpg","fifu_image_alt":"","footnotes":""},"categories":[23],"tags":[],"class_list":["post-102665","post","type-post","status-publish","format-standard","has-post-thumbnail","hentry","category-regionales"],"_links":{"self":[{"href":"https:\/\/www.interaccionnoticias.com.mx\/index.php?rest_route=\/wp\/v2\/posts\/102665","targetHints":{"allow":["GET"]}}],"collection":[{"href":"https:\/\/www.interaccionnoticias.com.mx\/index.php?rest_route=\/wp\/v2\/posts"}],"about":[{"href":"https:\/\/www.interaccionnoticias.com.mx\/index.php?rest_route=\/wp\/v2\/types\/post"}],"author":[{"embeddable":true,"href":"https:\/\/www.interaccionnoticias.com.mx\/index.php?rest_route=\/wp\/v2\/users\/19"}],"replies":[{"embeddable":true,"href":"https:\/\/www.interaccionnoticias.com.mx\/index.php?rest_route=%2Fwp%2Fv2%2Fcomments&post=102665"}],"version-history":[{"count":2,"href":"https:\/\/www.interaccionnoticias.com.mx\/index.php?rest_route=\/wp\/v2\/posts\/102665\/revisions"}],"predecessor-version":[{"id":102669,"href":"https:\/\/www.interaccionnoticias.com.mx\/index.php?rest_route=\/wp\/v2\/posts\/102665\/revisions\/102669"}],"wp:featuredmedia":[{"embeddable":true,"href":"https:\/\/www.interaccionnoticias.com.mx\/index.php?rest_route=\/wp\/v2\/media\/102668"}],"wp:attachment":[{"href":"https:\/\/www.interaccionnoticias.com.mx\/index.php?rest_route=%2Fwp%2Fv2%2Fmedia&parent=102665"}],"wp:term":[{"taxonomy":"category","embeddable":true,"href":"https:\/\/www.interaccionnoticias.com.mx\/index.php?rest_route=%2Fwp%2Fv2%2Fcategories&post=102665"},{"taxonomy":"post_tag","embeddable":true,"href":"https:\/\/www.interaccionnoticias.com.mx\/index.php?rest_route=%2Fwp%2Fv2%2Ftags&post=102665"}],"curies":[{"name":"wp","href":"https:\/\/api.w.org\/{rel}","templated":true}]}}