{"id":102632,"date":"2026-04-29T13:52:48","date_gmt":"2026-04-29T19:52:48","guid":{"rendered":"https:\/\/www.interaccionnoticias.com.mx\/?p=102632"},"modified":"2026-04-29T13:52:48","modified_gmt":"2026-04-29T19:52:48","slug":"machete-estate-en-tu-vaina-dice-felix-salgado-y-mete-reversa-a-solicitud-de-licencia-en-el-senado","status":"publish","type":"post","link":"https:\/\/www.interaccionnoticias.com.mx\/?p=102632","title":{"rendered":"\u201cMachete estate en tu vaina\u201d, dice F\u00e9lix Salgado y mete reversa a solicitud de licencia en el Senado"},"content":{"rendered":"\n<p><strong><em>&#8212; Se queda en la curul, aunque vienen cuatro meses de receso<\/em><\/strong><\/p>\n\n\n\n<p><strong>Rogelio Agust\u00edn<\/strong><\/p>\n\n\n\n<p>\u201cMachete estate en tu vaina\u201d, dijo el senador F\u00e9lix Salgado Macedonio al dejar sin efecto el anunci\u00f3 de que solicitar\u00eda licencia para dejar su cur\u00fal en la C\u00e1mara Alta.<\/p>\n\n\n\n<p>Por la ma\u00f1ana del mi\u00e9rcoles 29 de abril, antes de que iniciara a sesi\u00f3n de pleno, Salgado Macedonio realiz\u00f3 una transmisi\u00f3n de Facebook en la que anunci\u00f3 que presentar\u00eda su solicitud de licencia para dejar la curul, misma que asumir\u00eda su suplente, Arturo P\u00e9rez.<\/p>\n\n\n\n<p>Casi media hora despu\u00e9s, el representante popular realiz\u00f3 una transmisi\u00f3n m\u00e1s fuera de la sala de sesiones, en la que manifest\u00f3 que estaba preocupado por la connotaci\u00f3n que tendr\u00eda su solicitud de licencia: \u201cvan a decir que ya se va de candidato, o que la anda buscando\u201d, dijo a varios de sus compa\u00f1eros, a los que hizo desfilar ante la c\u00e1mara de su tel\u00e9fono celular.<\/p>\n\n\n\n<p>Para evitar ese tipo de malos entendidos, dijo que mejor ya no solicitar\u00eda el permiso para dejar la vacante: \u201cYa no pido permiso, no hay necesidad\u201d.<\/p>\n\n\n\n<p>Luego manifest\u00f3 que los cuatro meses que durar\u00e1 el periodo de receso, estar\u00e1 en el estado de Guerrero para aprovechar el tiempo libre: \u201cMe voy para Guerrero porque aqu\u00ed no hay nada quehacer y no puedo estar de flojo\u201d.<\/p>\n\n\n\n<p>Despu\u00e9s, aclarando que su comentario no ten\u00eda ning\u00fan matiz pol\u00edtico coment\u00f3: \u201cLos tiempos de Dios son perfectos\u201d.<\/p>\n\n\n\n<p>Cuando insisti\u00f3 en que ya no pedir\u00e1 licencia, dijo que no quiere dejar ninguna mala interpretaci\u00f3n: \u201cMachete estate en tu vaina\u201d.<\/p>\n","protected":false},"excerpt":{"rendered":"<p>&#8212; Se queda en la curul, aunque vienen cuatro meses de receso Rogelio Agust\u00edn \u201cMachete estate en tu vaina\u201d, dijo el senador F\u00e9lix Salgado Macedonio al dejar sin efecto el&hellip; <\/p>\n","protected":false},"author":21,"featured_media":102635,"comment_status":"open","ping_status":"open","sticky":false,"template":"","format":"standard","meta":{"fifu_image_url":"https:\/\/www.interaccionnoticias.com.mx\/wp-content\/uploads\/2026\/04\/260429-Felix-Salgado-Macedonio-1.jpg","fifu_image_alt":"","footnotes":""},"categories":[21],"tags":[],"class_list":["post-102632","post","type-post","status-publish","format-standard","has-post-thumbnail","hentry","category-politica"],"_links":{"self":[{"href":"https:\/\/www.interaccionnoticias.com.mx\/index.php?rest_route=\/wp\/v2\/posts\/102632","targetHints":{"allow":["GET"]}}],"collection":[{"href":"https:\/\/www.interaccionnoticias.com.mx\/index.php?rest_route=\/wp\/v2\/posts"}],"about":[{"href":"https:\/\/www.interaccionnoticias.com.mx\/index.php?rest_route=\/wp\/v2\/types\/post"}],"author":[{"embeddable":true,"href":"https:\/\/www.interaccionnoticias.com.mx\/index.php?rest_route=\/wp\/v2\/users\/21"}],"replies":[{"embeddable":true,"href":"https:\/\/www.interaccionnoticias.com.mx\/index.php?rest_route=%2Fwp%2Fv2%2Fcomments&post=102632"}],"version-history":[{"count":1,"href":"https:\/\/www.interaccionnoticias.com.mx\/index.php?rest_route=\/wp\/v2\/posts\/102632\/revisions"}],"predecessor-version":[{"id":102634,"href":"https:\/\/www.interaccionnoticias.com.mx\/index.php?rest_route=\/wp\/v2\/posts\/102632\/revisions\/102634"}],"wp:featuredmedia":[{"embeddable":true,"href":"https:\/\/www.interaccionnoticias.com.mx\/index.php?rest_route=\/wp\/v2\/media\/102635"}],"wp:attachment":[{"href":"https:\/\/www.interaccionnoticias.com.mx\/index.php?rest_route=%2Fwp%2Fv2%2Fmedia&parent=102632"}],"wp:term":[{"taxonomy":"category","embeddable":true,"href":"https:\/\/www.interaccionnoticias.com.mx\/index.php?rest_route=%2Fwp%2Fv2%2Fcategories&post=102632"},{"taxonomy":"post_tag","embeddable":true,"href":"https:\/\/www.interaccionnoticias.com.mx\/index.php?rest_route=%2Fwp%2Fv2%2Ftags&post=102632"}],"curies":[{"name":"wp","href":"https:\/\/api.w.org\/{rel}","templated":true}]}}