{"id":102620,"date":"2026-04-29T13:06:07","date_gmt":"2026-04-29T19:06:07","guid":{"rendered":"https:\/\/www.interaccionnoticias.com.mx\/?p=102620"},"modified":"2026-04-29T13:06:08","modified_gmt":"2026-04-29T19:06:08","slug":"ceteg-denuncia-hostigamiento-e-investigaciones-contra-integrantes-del-magisterio-disidente","status":"publish","type":"post","link":"https:\/\/www.interaccionnoticias.com.mx\/?p=102620","title":{"rendered":"CETEG denuncia hostigamiento e investigaciones contra integrantes del magisterio disidente"},"content":{"rendered":"\n<p><strong><em>&#8212; Convoca a docentes a marcha del 1 de mayo en Guerrero<\/em><\/strong><\/p>\n\n\n\n<p><strong>Interacci\u00f3n Noticias<\/strong><\/p>\n\n\n\n<p>La Coordinadora Estatal de Trabajadores de la Educaci\u00f3n en Guerrero (CETEG) denunci\u00f3 actos de criminalizaci\u00f3n, hostigamiento e investigaciones contra integrantes del magisterio disidente, al tiempo que convoc\u00f3 a una movilizaci\u00f3n estatal el pr\u00f3ximo 1 de mayo para exigir mejoras laborales y frenar lo que consideran violaciones a sus derechos.<\/p>\n\n\n\n<p>En conferencia de prensa en Chilpancingo, la dirigente Elvira Veleces Morales acus\u00f3 que autoridades federales han emprendido acciones contra docentes por su participaci\u00f3n en protestas, lo que calific\u00f3 como una estrategia de presi\u00f3n pol\u00edtica.<\/p>\n\n\n\n<p>Se\u00f1al\u00f3 casos como el cese de un docente en Tabasco y el hostigamiento a integrantes de distintas secciones del pa\u00eds, adem\u00e1s de descuentos salariales a trabajadores que participaron en paros.<\/p>\n\n\n\n<p>Afirm\u00f3 que estas medidas contradicen compromisos previos del gobierno federal de no aplicar sanciones administrativas ni econ\u00f3micas contra el magisterio movilizado.<\/p>\n\n\n\n<p>\u201cDenunciamos la criminalizaci\u00f3n de la protesta social y exigimos un alto al hostigamiento contra los compa\u00f1eros\u201d, expres\u00f3.<\/p>\n\n\n\n<p>La dirigente advirti\u00f3 que, lejos de frenar al movimiento, estas acciones han fortalecido la organizaci\u00f3n de la disidencia magisterial, que mantiene sus demandas hist\u00f3ricas.<\/p>\n\n\n\n<p>Entre ellas destacan la abrogaci\u00f3n de la Ley del ISSSTE de 2007, el rechazo al sistema de cuentas individuales, la exigencia de una reforma educativa distinta y un aumento salarial del 100 por ciento.<\/p>\n\n\n\n<p>Tambi\u00e9n la CETEG lanz\u00f3 una convocatoria abierta a trabajadores de la educaci\u00f3n y organizaciones sociales para participar en la marcha del D\u00eda del Trabajo.<\/p>\n\n\n\n<p>La movilizaci\u00f3n est\u00e1 prevista para el 1 de mayo a las 9:00 de la ma\u00f1ana, con punto de concentraci\u00f3n en el monumento conocido como El Caballito, en las inmediaciones del mercado central.<\/p>\n\n\n\n<p>Asimismo, adelant\u00f3 que el magisterio guerrerense se mantendr\u00e1 en coordinaci\u00f3n con la movilizaci\u00f3n nacional, con posibles acciones a partir del 16 de mayo en la Ciudad de M\u00e9xico, como parte de una nueva jornada de lucha.<\/p>\n","protected":false},"excerpt":{"rendered":"<p>&#8212; Convoca a docentes a marcha del 1 de mayo en Guerrero Interacci\u00f3n Noticias La Coordinadora Estatal de Trabajadores de la Educaci\u00f3n en Guerrero (CETEG) denunci\u00f3 actos de criminalizaci\u00f3n, hostigamiento&hellip; <\/p>\n","protected":false},"author":19,"featured_media":102625,"comment_status":"open","ping_status":"open","sticky":false,"template":"","format":"standard","meta":{"fifu_image_url":"https:\/\/www.interaccionnoticias.com.mx\/wp-content\/uploads\/2026\/04\/260429-CETEG-3.jpg","fifu_image_alt":"","footnotes":""},"categories":[6],"tags":[],"class_list":["post-102620","post","type-post","status-publish","format-standard","has-post-thumbnail","hentry","category-educacion"],"_links":{"self":[{"href":"https:\/\/www.interaccionnoticias.com.mx\/index.php?rest_route=\/wp\/v2\/posts\/102620","targetHints":{"allow":["GET"]}}],"collection":[{"href":"https:\/\/www.interaccionnoticias.com.mx\/index.php?rest_route=\/wp\/v2\/posts"}],"about":[{"href":"https:\/\/www.interaccionnoticias.com.mx\/index.php?rest_route=\/wp\/v2\/types\/post"}],"author":[{"embeddable":true,"href":"https:\/\/www.interaccionnoticias.com.mx\/index.php?rest_route=\/wp\/v2\/users\/19"}],"replies":[{"embeddable":true,"href":"https:\/\/www.interaccionnoticias.com.mx\/index.php?rest_route=%2Fwp%2Fv2%2Fcomments&post=102620"}],"version-history":[{"count":1,"href":"https:\/\/www.interaccionnoticias.com.mx\/index.php?rest_route=\/wp\/v2\/posts\/102620\/revisions"}],"predecessor-version":[{"id":102624,"href":"https:\/\/www.interaccionnoticias.com.mx\/index.php?rest_route=\/wp\/v2\/posts\/102620\/revisions\/102624"}],"wp:featuredmedia":[{"embeddable":true,"href":"https:\/\/www.interaccionnoticias.com.mx\/index.php?rest_route=\/wp\/v2\/media\/102625"}],"wp:attachment":[{"href":"https:\/\/www.interaccionnoticias.com.mx\/index.php?rest_route=%2Fwp%2Fv2%2Fmedia&parent=102620"}],"wp:term":[{"taxonomy":"category","embeddable":true,"href":"https:\/\/www.interaccionnoticias.com.mx\/index.php?rest_route=%2Fwp%2Fv2%2Fcategories&post=102620"},{"taxonomy":"post_tag","embeddable":true,"href":"https:\/\/www.interaccionnoticias.com.mx\/index.php?rest_route=%2Fwp%2Fv2%2Ftags&post=102620"}],"curies":[{"name":"wp","href":"https:\/\/api.w.org\/{rel}","templated":true}]}}