{"id":102616,"date":"2026-04-29T12:46:54","date_gmt":"2026-04-29T18:46:54","guid":{"rendered":"https:\/\/www.interaccionnoticias.com.mx\/?p=102616"},"modified":"2026-04-29T12:46:54","modified_gmt":"2026-04-29T18:46:54","slug":"en-taxco-ya-es-oficial-el-pasaje-sube-de-10-a-11-pesos","status":"publish","type":"post","link":"https:\/\/www.interaccionnoticias.com.mx\/?p=102616","title":{"rendered":"En Taxco ya es oficial, el pasaje sube de 10 a 11 pesos"},"content":{"rendered":"\n<p><strong><em>&#8212; Pese a la inconformidad de la poblaci\u00f3n, y al cobro antes de su autorizaci\u00f3n<\/em><\/strong><\/p>\n\n\n\n<p><strong>Alejandro G\u00f3mez Sotelo<\/strong><\/p>\n\n\n\n<p>Con la autorizaci\u00f3n al incremento en la tarifa del pasaje que hizo la Comisi\u00f3n T\u00e9cnica de Transporte y Vialidad para el estado de Guerrero, en el municipio tur\u00edstico de Taxco el servicio p\u00fablico de urvans aument\u00f3 un peso de su costo actual, es decir, el cobro subi\u00f3 de 10 a 11 pesos por persona para el traslado urbano en esas unidades vehiculares, que representa un alza directa del 10 por ciento.<\/p>\n\n\n\n<p>En el caso de servicio de taxis el costo subi\u00f3 de 35 a 40 pesos como \u201ctarifa m\u00ednima\u201d dentro de la zona urbana, que representa un 14 por ciento de aumento, aunque varios trabajadores del volante incrementan los cobros por arriba de lo autorizado por el \u00e1rea de transportes en la entidad; hasta el momento el gobierno estatal no ha definido cuando se aplicar\u00e1 ese cobro, aun y cuando la modificaci\u00f3n se autoriz\u00f3 desde el 13 de Abril.<\/p>\n\n\n\n<p>Respecto a las diferentes rutas for\u00e1neas que dan cobertura a las comunidades rurales de Taxco, en t\u00e9rminos generales se prev\u00e9 un incremento cercano a los cinco pesos en el tramo origen-destino.<\/p>\n\n\n\n<p>De acuerdo con la comisi\u00f3n de transportes de Guerrero, el aumento al pasaje en el servicio p\u00fablico es un \u201cajuste diferenciado\u201d de entre el 6 y 25 por ciento que ya se encuentra publicado en el Peri\u00f3dico Oficial del Estado.<\/p>\n\n\n\n<p>Aunque hasta el momento las instancias correspondientes no han expresado cuando surtir\u00e1 efecto el incremento al pasaje en Taxco, entre integrantes del gremio transportista local circula la versi\u00f3n de que ser\u00e1 un peso lo que aumentar\u00e1 la tarifa en urvans y cinco pesos en taxis, bajo el argumento de que el litro de gasolina muestra alzas constantes, lo mismo que refacciones para sus unidades vehiculares de uso diario y gastos de operaci\u00f3n.<\/p>\n\n\n\n<p>A finales de Marzo del 2025, pese a la prohibici\u00f3n de transportes del estado respecto al aumento en el pasaje y con la advertencia de imponer sanciones econ\u00f3micas a los concesionarios que hicieran caso omiso a esa determinaci\u00f3n, distintos trabajadores del volante desobedecieron el exhorto y colocaron en las urvans hojas simples, sin sellos ni firmas oficiales, donde anticiparon que en los primeros d\u00edas de Abril de ese a\u00f1o la tarifa subir\u00eda de nueve a 10 pesos por ocasi\u00f3n.<\/p>\n\n\n\n<p>Ese incremento al pasaje en el municipio de Taxco fue del 12 por ciento del costo vigente en ese momento y a un a\u00f1o de distancia, ya se autoriz\u00f3 otro aumento en el servicio p\u00fablico de la localidad equivalente al 10 por ciento.<\/p>\n\n\n\n<p>Desde Abril del a\u00f1o pasado las diferentes agrupaciones transportistas mantienen activo el cobro de 10 pesos por ocasi\u00f3n que ellos mismos se autorizaron, lo que les acarre\u00f3 una serie de reclamos e inconformidades de la poblaci\u00f3n usuaria, debido a que las autoridades estatales en ning\u00fan momento realizaron un estudio socioecon\u00f3mico para determinar la viabilidad de ese incremento al pasaje y tampoco consultaron a la comunidad sobre esa determinaci\u00f3n.<\/p>\n\n\n\n<p>En la v\u00edspera, la Comisi\u00f3n T\u00e9cnica de Transporte y Vialidad de Guerrero ventil\u00f3 que hubo reuniones con el sector transportista y a ra\u00edz de ello se autoriz\u00f3 un aumento a las tarifas del pasaje para la entidad suriana, el cual entrar\u00eda en vigor a partir de la primera quincena de Abril.<\/p>\n","protected":false},"excerpt":{"rendered":"<p>&#8212; Pese a la inconformidad de la poblaci\u00f3n, y al cobro antes de su autorizaci\u00f3n Alejandro G\u00f3mez Sotelo Con la autorizaci\u00f3n al incremento en la tarifa del pasaje que hizo&hellip; <\/p>\n","protected":false},"author":15,"featured_media":102619,"comment_status":"open","ping_status":"open","sticky":false,"template":"","format":"standard","meta":{"fifu_image_url":"https:\/\/www.interaccionnoticias.com.mx\/wp-content\/uploads\/2026\/04\/260429-Taxco-pasaje.jpg","fifu_image_alt":"","footnotes":""},"categories":[23],"tags":[],"class_list":["post-102616","post","type-post","status-publish","format-standard","has-post-thumbnail","hentry","category-regionales"],"_links":{"self":[{"href":"https:\/\/www.interaccionnoticias.com.mx\/index.php?rest_route=\/wp\/v2\/posts\/102616","targetHints":{"allow":["GET"]}}],"collection":[{"href":"https:\/\/www.interaccionnoticias.com.mx\/index.php?rest_route=\/wp\/v2\/posts"}],"about":[{"href":"https:\/\/www.interaccionnoticias.com.mx\/index.php?rest_route=\/wp\/v2\/types\/post"}],"author":[{"embeddable":true,"href":"https:\/\/www.interaccionnoticias.com.mx\/index.php?rest_route=\/wp\/v2\/users\/15"}],"replies":[{"embeddable":true,"href":"https:\/\/www.interaccionnoticias.com.mx\/index.php?rest_route=%2Fwp%2Fv2%2Fcomments&post=102616"}],"version-history":[{"count":1,"href":"https:\/\/www.interaccionnoticias.com.mx\/index.php?rest_route=\/wp\/v2\/posts\/102616\/revisions"}],"predecessor-version":[{"id":102618,"href":"https:\/\/www.interaccionnoticias.com.mx\/index.php?rest_route=\/wp\/v2\/posts\/102616\/revisions\/102618"}],"wp:featuredmedia":[{"embeddable":true,"href":"https:\/\/www.interaccionnoticias.com.mx\/index.php?rest_route=\/wp\/v2\/media\/102619"}],"wp:attachment":[{"href":"https:\/\/www.interaccionnoticias.com.mx\/index.php?rest_route=%2Fwp%2Fv2%2Fmedia&parent=102616"}],"wp:term":[{"taxonomy":"category","embeddable":true,"href":"https:\/\/www.interaccionnoticias.com.mx\/index.php?rest_route=%2Fwp%2Fv2%2Fcategories&post=102616"},{"taxonomy":"post_tag","embeddable":true,"href":"https:\/\/www.interaccionnoticias.com.mx\/index.php?rest_route=%2Fwp%2Fv2%2Ftags&post=102616"}],"curies":[{"name":"wp","href":"https:\/\/api.w.org\/{rel}","templated":true}]}}