{"id":102596,"date":"2026-04-29T09:12:17","date_gmt":"2026-04-29T15:12:17","guid":{"rendered":"https:\/\/www.interaccionnoticias.com.mx\/?p=102596"},"modified":"2026-04-29T09:12:18","modified_gmt":"2026-04-29T15:12:18","slug":"senala-gobierno-falta-de-colaboracion-ciudadana-en-caso-atenango","status":"publish","type":"post","link":"https:\/\/www.interaccionnoticias.com.mx\/?p=102596","title":{"rendered":"Se\u00f1ala gobierno falta de colaboraci\u00f3n ciudadana en caso Atenango"},"content":{"rendered":"\n<p><em><strong>&#8212; \u201cDesafortunadamente la poblaci\u00f3n no colabora, entendemos el temor, pero tienen que hacerlo\u201d, Francisco Rodr\u00edguez<\/strong><\/em><\/p>\n\n\n\n<p><strong>Interacci\u00f3n Noticias<\/strong><\/p>\n\n\n\n<p>El subsecretario de Desarrollo Pol\u00edtico y Social del estado, Francisco Rodr\u00edguez Cisneros, se\u00f1al\u00f3 que la falta de colaboraci\u00f3n de la poblaci\u00f3n ha dificultado las labores de b\u00fasqueda de los siete campesinos desaparecidos en el municipio de Atenango del R\u00edo.<\/p>\n\n\n\n<p>El funcionario afirm\u00f3 que, aunque las investigaciones y operativos contin\u00faan encabezados por la Fiscal\u00eda General del Estado, es necesario que la ciudadan\u00eda aporte informaci\u00f3n pese al temor generado por los hechos de violencia en la regi\u00f3n.<\/p>\n\n\n\n<p>Indic\u00f3 que las autoridades mantienen acciones de b\u00fasqueda en la zona y reiter\u00f3 que la participaci\u00f3n de la poblaci\u00f3n es clave para avanzar en la localizaci\u00f3n de las v\u00edctimas.<\/p>\n\n\n\n<p>\u201cSe est\u00e1n haciendo las b\u00fasquedas, la Fiscal\u00eda est\u00e1 encabezando este esfuerzo y desafortunadamente la poblaci\u00f3n no colabora, entendemos el temor, pero tienen que hacerlo\u201d,<\/p>\n\n\n\n<p>Cabe destacar que este mi\u00e9rcoles la Fiscal\u00eda General del Estado inform\u00f3 que ya fueron detenidos dos hombres por su probable responsabilidad en el delito de desaparici\u00f3n de personas.<\/p>\n\n\n\n<p>Se trata de Cornelio \u201cN\u201d y Samuel \u201cN\u201d, quienes fueron asegurados en Apanguito tras labores de investigaci\u00f3n. De acuerdo con la autoridad, ambos estar\u00edan relacionados con los hechos ocurridos en abril, en los que desaparecieron Asunci\u00f3n N, Mario N, Diego N, Valente N, Crist\u00f3bal N, Heriberto N y Sebasti\u00e1n N.<\/p>\n\n\n\n<p>En la zona, autoridades de los tres niveles de gobierno mantienen operativos de b\u00fasqueda, donde se han desplegado m\u00e1s de 250 elementos, mientras familiares contin\u00faan con acciones propias para tratar de localizar a sus seres queridos.<\/p>\n","protected":false},"excerpt":{"rendered":"<p>&#8212; \u201cDesafortunadamente la poblaci\u00f3n no colabora, entendemos el temor, pero tienen que hacerlo\u201d, Francisco Rodr\u00edguez Interacci\u00f3n Noticias El subsecretario de Desarrollo Pol\u00edtico y Social del estado, Francisco Rodr\u00edguez Cisneros, se\u00f1al\u00f3&hellip; <\/p>\n","protected":false},"author":19,"featured_media":102598,"comment_status":"open","ping_status":"open","sticky":false,"template":"","format":"standard","meta":{"fifu_image_url":"https:\/\/www.interaccionnoticias.com.mx\/wp-content\/uploads\/2025\/09\/250916-Francisco-Rodriguez-Cisneros.jpg","fifu_image_alt":"","footnotes":""},"categories":[11],"tags":[],"class_list":["post-102596","post","type-post","status-publish","format-standard","has-post-thumbnail","hentry","category-guerrero"],"_links":{"self":[{"href":"https:\/\/www.interaccionnoticias.com.mx\/index.php?rest_route=\/wp\/v2\/posts\/102596","targetHints":{"allow":["GET"]}}],"collection":[{"href":"https:\/\/www.interaccionnoticias.com.mx\/index.php?rest_route=\/wp\/v2\/posts"}],"about":[{"href":"https:\/\/www.interaccionnoticias.com.mx\/index.php?rest_route=\/wp\/v2\/types\/post"}],"author":[{"embeddable":true,"href":"https:\/\/www.interaccionnoticias.com.mx\/index.php?rest_route=\/wp\/v2\/users\/19"}],"replies":[{"embeddable":true,"href":"https:\/\/www.interaccionnoticias.com.mx\/index.php?rest_route=%2Fwp%2Fv2%2Fcomments&post=102596"}],"version-history":[{"count":1,"href":"https:\/\/www.interaccionnoticias.com.mx\/index.php?rest_route=\/wp\/v2\/posts\/102596\/revisions"}],"predecessor-version":[{"id":102597,"href":"https:\/\/www.interaccionnoticias.com.mx\/index.php?rest_route=\/wp\/v2\/posts\/102596\/revisions\/102597"}],"wp:featuredmedia":[{"embeddable":true,"href":"https:\/\/www.interaccionnoticias.com.mx\/index.php?rest_route=\/wp\/v2\/media\/102598"}],"wp:attachment":[{"href":"https:\/\/www.interaccionnoticias.com.mx\/index.php?rest_route=%2Fwp%2Fv2%2Fmedia&parent=102596"}],"wp:term":[{"taxonomy":"category","embeddable":true,"href":"https:\/\/www.interaccionnoticias.com.mx\/index.php?rest_route=%2Fwp%2Fv2%2Fcategories&post=102596"},{"taxonomy":"post_tag","embeddable":true,"href":"https:\/\/www.interaccionnoticias.com.mx\/index.php?rest_route=%2Fwp%2Fv2%2Ftags&post=102596"}],"curies":[{"name":"wp","href":"https:\/\/api.w.org\/{rel}","templated":true}]}}