{"id":102589,"date":"2026-04-29T09:09:04","date_gmt":"2026-04-29T15:09:04","guid":{"rendered":"https:\/\/www.interaccionnoticias.com.mx\/?p=102589"},"modified":"2026-04-29T09:09:06","modified_gmt":"2026-04-29T15:09:06","slug":"padres-de-familia-realizan-operativo-mochila-en-secundaria-de-chilpancingo","status":"publish","type":"post","link":"https:\/\/www.interaccionnoticias.com.mx\/?p=102589","title":{"rendered":"Padres de familia realizan operativo mochila en secundaria de Chilpancingo"},"content":{"rendered":"\n<p><em><strong>&#8212; Participan directivos, sin avisar a los alumnos<\/strong><\/em><\/p>\n\n\n\n<p><strong>Rogelio Agust\u00edn<\/strong><\/p>\n\n\n\n<p>Padres de familia y maestros de la Escuela Secundaria Federal Antonio I. Delgado (ESFAID) realizaron esta ma\u00f1ana el \u00aboperativo mochila\u00bb, lo que tom\u00f3 por sorpresa a cientos de estudiantes que no esperaban dicha actividad.<\/p>\n\n\n\n<p>Desde poco antes de las 07:00 horas, durante el ingreso de los alumnos, madres, padres y directivos se colocaron en la entrada principal del plantel para revisar las mochilas de los estudiantes, con la finalidad de localizar alg\u00fan objeto punzocortante o un arma, para evitar alg\u00fan problema de seguridad.<\/p>\n\n\n\n<p>Esta es la cuarta escuela de Chilpancingo en la que se realiza el operativo mochila, la primera actividad se desarroll\u00f3 en la Secundaria Raymundo Abarca Alarc\u00f3n, despu\u00e9s la Galo Sober\u00f3n y Parra, la T\u00e9cnica 81, la prepa n\u00famero 9, dependiente de la Universidad Aut\u00f3noma de Guerrero (UAGro), siendo ahora el turno de la secundaria General Antonio I Delgado.<\/p>\n\n\n\n<p>Aunque los padres de familia refieren que la jornada del martes se report\u00f3 un mensaje de amenaza en los ba\u00f1os del plantel, en realidad la medida la ven\u00edan planeando por los problemas de acoso y maltrato que se vienen reportando entre algunos alumnos.<\/p>\n\n\n\n<p>En este caso, los jefes de familia se reunieron, acordaron la actividad y procedieron a realizarla sin poner sobre aviso a sus hijos.<\/p>\n\n\n\n<p>Dada la cantidad de alumnos que tiene la ESFAID, la aglomeraci\u00f3n de los veh\u00edculos en las calles aleda\u00f1as al plantel, que se encuentra en el centro de la capital del estado.<\/p>\n\n\n\n<figure class=\"wp-block-gallery has-nested-images columns-1 is-cropped wp-block-gallery-1 is-layout-flex wp-block-gallery-is-layout-flex\">\n<figure class=\"wp-block-image size-large\"><img decoding=\"async\" src=\"data:image\/gif;base64,R0lGODlhAQABAIAAAAAAAP\/\/\/ywAAAAAAQABAAACAUwAOw==\" fifu-lazy=\"1\" fifu-data-sizes=\"auto\" fifu-data-srcset=\"https:\/\/i0.wp.com\/www.interaccionnoticias.com.mx\/wp-content\/uploads\/2026\/04\/260429-operativo-mochila-en-secundaria-2.jpg?ssl=1&w=75&resize=75&ssl=1 75w, https:\/\/i0.wp.com\/www.interaccionnoticias.com.mx\/wp-content\/uploads\/2026\/04\/260429-operativo-mochila-en-secundaria-2.jpg?ssl=1&w=100&resize=100&ssl=1 100w, https:\/\/i0.wp.com\/www.interaccionnoticias.com.mx\/wp-content\/uploads\/2026\/04\/260429-operativo-mochila-en-secundaria-2.jpg?ssl=1&w=150&resize=150&ssl=1 150w, https:\/\/i0.wp.com\/www.interaccionnoticias.com.mx\/wp-content\/uploads\/2026\/04\/260429-operativo-mochila-en-secundaria-2.jpg?ssl=1&w=240&resize=240&ssl=1 240w, https:\/\/i0.wp.com\/www.interaccionnoticias.com.mx\/wp-content\/uploads\/2026\/04\/260429-operativo-mochila-en-secundaria-2.jpg?ssl=1&w=320&resize=320&ssl=1 320w, https:\/\/i0.wp.com\/www.interaccionnoticias.com.mx\/wp-content\/uploads\/2026\/04\/260429-operativo-mochila-en-secundaria-2.jpg?ssl=1&w=500&resize=500&ssl=1 500w, https:\/\/i0.wp.com\/www.interaccionnoticias.com.mx\/wp-content\/uploads\/2026\/04\/260429-operativo-mochila-en-secundaria-2.jpg?ssl=1&w=640&resize=640&ssl=1 640w, https:\/\/i0.wp.com\/www.interaccionnoticias.com.mx\/wp-content\/uploads\/2026\/04\/260429-operativo-mochila-en-secundaria-2.jpg?ssl=1&w=800&resize=800&ssl=1 800w, https:\/\/i0.wp.com\/www.interaccionnoticias.com.mx\/wp-content\/uploads\/2026\/04\/260429-operativo-mochila-en-secundaria-2.jpg?ssl=1&w=1024&resize=1024&ssl=1 1024w, https:\/\/i0.wp.com\/www.interaccionnoticias.com.mx\/wp-content\/uploads\/2026\/04\/260429-operativo-mochila-en-secundaria-2.jpg?ssl=1&w=1280&resize=1280&ssl=1 1280w, https:\/\/i0.wp.com\/www.interaccionnoticias.com.mx\/wp-content\/uploads\/2026\/04\/260429-operativo-mochila-en-secundaria-2.jpg?ssl=1&w=1600&resize=1600&ssl=1 1600w\" data-id=\"102590\" fifu-data-src=\"https:\/\/i0.wp.com\/www.interaccionnoticias.com.mx\/wp-content\/uploads\/2026\/04\/260429-operativo-mochila-en-secundaria-2.jpg?ssl=1\" alt=\"\" class=\"wp-image-102590\"\/><\/figure>\n\n\n\n<figure class=\"wp-block-image size-large\"><img decoding=\"async\" src=\"data:image\/gif;base64,R0lGODlhAQABAIAAAAAAAP\/\/\/ywAAAAAAQABAAACAUwAOw==\" fifu-lazy=\"1\" fifu-data-sizes=\"auto\" fifu-data-srcset=\"https:\/\/i0.wp.com\/www.interaccionnoticias.com.mx\/wp-content\/uploads\/2026\/04\/260429-operativo-mochila-en-secundaria-3.jpg?ssl=1&w=75&resize=75&ssl=1 75w, https:\/\/i0.wp.com\/www.interaccionnoticias.com.mx\/wp-content\/uploads\/2026\/04\/260429-operativo-mochila-en-secundaria-3.jpg?ssl=1&w=100&resize=100&ssl=1 100w, https:\/\/i0.wp.com\/www.interaccionnoticias.com.mx\/wp-content\/uploads\/2026\/04\/260429-operativo-mochila-en-secundaria-3.jpg?ssl=1&w=150&resize=150&ssl=1 150w, https:\/\/i0.wp.com\/www.interaccionnoticias.com.mx\/wp-content\/uploads\/2026\/04\/260429-operativo-mochila-en-secundaria-3.jpg?ssl=1&w=240&resize=240&ssl=1 240w, https:\/\/i0.wp.com\/www.interaccionnoticias.com.mx\/wp-content\/uploads\/2026\/04\/260429-operativo-mochila-en-secundaria-3.jpg?ssl=1&w=320&resize=320&ssl=1 320w, https:\/\/i0.wp.com\/www.interaccionnoticias.com.mx\/wp-content\/uploads\/2026\/04\/260429-operativo-mochila-en-secundaria-3.jpg?ssl=1&w=500&resize=500&ssl=1 500w, https:\/\/i0.wp.com\/www.interaccionnoticias.com.mx\/wp-content\/uploads\/2026\/04\/260429-operativo-mochila-en-secundaria-3.jpg?ssl=1&w=640&resize=640&ssl=1 640w, https:\/\/i0.wp.com\/www.interaccionnoticias.com.mx\/wp-content\/uploads\/2026\/04\/260429-operativo-mochila-en-secundaria-3.jpg?ssl=1&w=800&resize=800&ssl=1 800w, https:\/\/i0.wp.com\/www.interaccionnoticias.com.mx\/wp-content\/uploads\/2026\/04\/260429-operativo-mochila-en-secundaria-3.jpg?ssl=1&w=1024&resize=1024&ssl=1 1024w, https:\/\/i0.wp.com\/www.interaccionnoticias.com.mx\/wp-content\/uploads\/2026\/04\/260429-operativo-mochila-en-secundaria-3.jpg?ssl=1&w=1280&resize=1280&ssl=1 1280w, https:\/\/i0.wp.com\/www.interaccionnoticias.com.mx\/wp-content\/uploads\/2026\/04\/260429-operativo-mochila-en-secundaria-3.jpg?ssl=1&w=1600&resize=1600&ssl=1 1600w\" data-id=\"102591\" fifu-data-src=\"https:\/\/i0.wp.com\/www.interaccionnoticias.com.mx\/wp-content\/uploads\/2026\/04\/260429-operativo-mochila-en-secundaria-3.jpg?ssl=1\" alt=\"\" class=\"wp-image-102591\"\/><\/figure>\n\n\n\n<figure class=\"wp-block-image size-large\"><img decoding=\"async\" src=\"data:image\/gif;base64,R0lGODlhAQABAIAAAAAAAP\/\/\/ywAAAAAAQABAAACAUwAOw==\" fifu-lazy=\"1\" fifu-data-sizes=\"auto\" fifu-data-srcset=\"https:\/\/i0.wp.com\/www.interaccionnoticias.com.mx\/wp-content\/uploads\/2026\/04\/260429-operativo-mochila-en-secundaria-4.jpg?ssl=1&w=75&resize=75&ssl=1 75w, https:\/\/i0.wp.com\/www.interaccionnoticias.com.mx\/wp-content\/uploads\/2026\/04\/260429-operativo-mochila-en-secundaria-4.jpg?ssl=1&w=100&resize=100&ssl=1 100w, https:\/\/i0.wp.com\/www.interaccionnoticias.com.mx\/wp-content\/uploads\/2026\/04\/260429-operativo-mochila-en-secundaria-4.jpg?ssl=1&w=150&resize=150&ssl=1 150w, https:\/\/i0.wp.com\/www.interaccionnoticias.com.mx\/wp-content\/uploads\/2026\/04\/260429-operativo-mochila-en-secundaria-4.jpg?ssl=1&w=240&resize=240&ssl=1 240w, https:\/\/i0.wp.com\/www.interaccionnoticias.com.mx\/wp-content\/uploads\/2026\/04\/260429-operativo-mochila-en-secundaria-4.jpg?ssl=1&w=320&resize=320&ssl=1 320w, https:\/\/i0.wp.com\/www.interaccionnoticias.com.mx\/wp-content\/uploads\/2026\/04\/260429-operativo-mochila-en-secundaria-4.jpg?ssl=1&w=500&resize=500&ssl=1 500w, https:\/\/i0.wp.com\/www.interaccionnoticias.com.mx\/wp-content\/uploads\/2026\/04\/260429-operativo-mochila-en-secundaria-4.jpg?ssl=1&w=640&resize=640&ssl=1 640w, https:\/\/i0.wp.com\/www.interaccionnoticias.com.mx\/wp-content\/uploads\/2026\/04\/260429-operativo-mochila-en-secundaria-4.jpg?ssl=1&w=800&resize=800&ssl=1 800w, https:\/\/i0.wp.com\/www.interaccionnoticias.com.mx\/wp-content\/uploads\/2026\/04\/260429-operativo-mochila-en-secundaria-4.jpg?ssl=1&w=1024&resize=1024&ssl=1 1024w, https:\/\/i0.wp.com\/www.interaccionnoticias.com.mx\/wp-content\/uploads\/2026\/04\/260429-operativo-mochila-en-secundaria-4.jpg?ssl=1&w=1280&resize=1280&ssl=1 1280w, https:\/\/i0.wp.com\/www.interaccionnoticias.com.mx\/wp-content\/uploads\/2026\/04\/260429-operativo-mochila-en-secundaria-4.jpg?ssl=1&w=1600&resize=1600&ssl=1 1600w\" data-id=\"102592\" fifu-data-src=\"https:\/\/i0.wp.com\/www.interaccionnoticias.com.mx\/wp-content\/uploads\/2026\/04\/260429-operativo-mochila-en-secundaria-4.jpg?ssl=1\" alt=\"\" class=\"wp-image-102592\"\/><\/figure>\n\n\n\n<figure class=\"wp-block-image size-large\"><img decoding=\"async\" src=\"data:image\/gif;base64,R0lGODlhAQABAIAAAAAAAP\/\/\/ywAAAAAAQABAAACAUwAOw==\" fifu-lazy=\"1\" fifu-data-sizes=\"auto\" fifu-data-srcset=\"https:\/\/i0.wp.com\/www.interaccionnoticias.com.mx\/wp-content\/uploads\/2026\/04\/260429-operativo-mochila-en-secundaria-1.jpg?ssl=1&w=75&resize=75&ssl=1 75w, https:\/\/i0.wp.com\/www.interaccionnoticias.com.mx\/wp-content\/uploads\/2026\/04\/260429-operativo-mochila-en-secundaria-1.jpg?ssl=1&w=100&resize=100&ssl=1 100w, https:\/\/i0.wp.com\/www.interaccionnoticias.com.mx\/wp-content\/uploads\/2026\/04\/260429-operativo-mochila-en-secundaria-1.jpg?ssl=1&w=150&resize=150&ssl=1 150w, https:\/\/i0.wp.com\/www.interaccionnoticias.com.mx\/wp-content\/uploads\/2026\/04\/260429-operativo-mochila-en-secundaria-1.jpg?ssl=1&w=240&resize=240&ssl=1 240w, https:\/\/i0.wp.com\/www.interaccionnoticias.com.mx\/wp-content\/uploads\/2026\/04\/260429-operativo-mochila-en-secundaria-1.jpg?ssl=1&w=320&resize=320&ssl=1 320w, https:\/\/i0.wp.com\/www.interaccionnoticias.com.mx\/wp-content\/uploads\/2026\/04\/260429-operativo-mochila-en-secundaria-1.jpg?ssl=1&w=500&resize=500&ssl=1 500w, https:\/\/i0.wp.com\/www.interaccionnoticias.com.mx\/wp-content\/uploads\/2026\/04\/260429-operativo-mochila-en-secundaria-1.jpg?ssl=1&w=640&resize=640&ssl=1 640w, https:\/\/i0.wp.com\/www.interaccionnoticias.com.mx\/wp-content\/uploads\/2026\/04\/260429-operativo-mochila-en-secundaria-1.jpg?ssl=1&w=800&resize=800&ssl=1 800w, https:\/\/i0.wp.com\/www.interaccionnoticias.com.mx\/wp-content\/uploads\/2026\/04\/260429-operativo-mochila-en-secundaria-1.jpg?ssl=1&w=1024&resize=1024&ssl=1 1024w, https:\/\/i0.wp.com\/www.interaccionnoticias.com.mx\/wp-content\/uploads\/2026\/04\/260429-operativo-mochila-en-secundaria-1.jpg?ssl=1&w=1280&resize=1280&ssl=1 1280w, https:\/\/i0.wp.com\/www.interaccionnoticias.com.mx\/wp-content\/uploads\/2026\/04\/260429-operativo-mochila-en-secundaria-1.jpg?ssl=1&w=1600&resize=1600&ssl=1 1600w\" data-id=\"102593\" fifu-data-src=\"https:\/\/i0.wp.com\/www.interaccionnoticias.com.mx\/wp-content\/uploads\/2026\/04\/260429-operativo-mochila-en-secundaria-1.jpg?ssl=1\" alt=\"\" class=\"wp-image-102593\"\/><\/figure>\n<\/figure>\n","protected":false},"excerpt":{"rendered":"<p>&#8212; Participan directivos, sin avisar a los alumnos Rogelio Agust\u00edn Padres de familia y maestros de la Escuela Secundaria Federal Antonio I. Delgado (ESFAID) realizaron esta ma\u00f1ana el \u00aboperativo mochila\u00bb,&hellip; <\/p>\n","protected":false},"author":21,"featured_media":102595,"comment_status":"open","ping_status":"open","sticky":false,"template":"","format":"standard","meta":{"fifu_image_url":"https:\/\/www.interaccionnoticias.com.mx\/wp-content\/uploads\/2026\/04\/260429-operativo-mochila-en-secundaria-3.jpg","fifu_image_alt":"","footnotes":""},"categories":[6],"tags":[],"class_list":["post-102589","post","type-post","status-publish","format-standard","has-post-thumbnail","hentry","category-educacion"],"_links":{"self":[{"href":"https:\/\/www.interaccionnoticias.com.mx\/index.php?rest_route=\/wp\/v2\/posts\/102589","targetHints":{"allow":["GET"]}}],"collection":[{"href":"https:\/\/www.interaccionnoticias.com.mx\/index.php?rest_route=\/wp\/v2\/posts"}],"about":[{"href":"https:\/\/www.interaccionnoticias.com.mx\/index.php?rest_route=\/wp\/v2\/types\/post"}],"author":[{"embeddable":true,"href":"https:\/\/www.interaccionnoticias.com.mx\/index.php?rest_route=\/wp\/v2\/users\/21"}],"replies":[{"embeddable":true,"href":"https:\/\/www.interaccionnoticias.com.mx\/index.php?rest_route=%2Fwp%2Fv2%2Fcomments&post=102589"}],"version-history":[{"count":1,"href":"https:\/\/www.interaccionnoticias.com.mx\/index.php?rest_route=\/wp\/v2\/posts\/102589\/revisions"}],"predecessor-version":[{"id":102594,"href":"https:\/\/www.interaccionnoticias.com.mx\/index.php?rest_route=\/wp\/v2\/posts\/102589\/revisions\/102594"}],"wp:featuredmedia":[{"embeddable":true,"href":"https:\/\/www.interaccionnoticias.com.mx\/index.php?rest_route=\/wp\/v2\/media\/102595"}],"wp:attachment":[{"href":"https:\/\/www.interaccionnoticias.com.mx\/index.php?rest_route=%2Fwp%2Fv2%2Fmedia&parent=102589"}],"wp:term":[{"taxonomy":"category","embeddable":true,"href":"https:\/\/www.interaccionnoticias.com.mx\/index.php?rest_route=%2Fwp%2Fv2%2Fcategories&post=102589"},{"taxonomy":"post_tag","embeddable":true,"href":"https:\/\/www.interaccionnoticias.com.mx\/index.php?rest_route=%2Fwp%2Fv2%2Ftags&post=102589"}],"curies":[{"name":"wp","href":"https:\/\/api.w.org\/{rel}","templated":true}]}}