{"id":102585,"date":"2026-04-29T09:04:33","date_gmt":"2026-04-29T15:04:33","guid":{"rendered":"https:\/\/www.interaccionnoticias.com.mx\/?p=102585"},"modified":"2026-04-29T09:04:33","modified_gmt":"2026-04-29T15:04:33","slug":"ejecutan-orden-de-aprehension-por-desaparicion-de-siete-personas-en-atenango-del-rio-guerrero","status":"publish","type":"post","link":"https:\/\/www.interaccionnoticias.com.mx\/?p=102585","title":{"rendered":"Ejecutan orden de aprehensi\u00f3n por desaparici\u00f3n de siete personas en Atenango del R\u00edo, Guerrero"},"content":{"rendered":"\n<p><strong><em>Las v\u00edctimas no aparecen desde hace casi tres semanas<\/em><\/strong><\/p>\n\n\n\n<p><strong>Rogelio Agust\u00edn<\/strong><\/p>\n\n\n\n<p>La Fiscal\u00eda General del Estado de Guerrero (FGE-Guerrero) ejecut\u00f3 una orden de aprehensi\u00f3n en contra de dos personas por su probable responsabilidad en el delito de desaparici\u00f3n de personas cometida por particulares, en el municipio de Atenango del R\u00edo.<\/p>\n\n\n\n<p>La investigaci\u00f3n deriva de la desaparici\u00f3n de Asunci\u00f3n \u201cN\u201d, Mario \u201cN\u201d, Diego \u201cN\u201d, Valente \u201cN\u201d, Crist\u00f3bal \u201cN\u201d, Heriberto \u201cN\u201d y Sebasti\u00e1n \u201cN\u201d, en el municipio de Atenango del R\u00edo, en la regi\u00f3n Norte de Guerrero.<\/p>\n\n\n\n<p>De acuerdo con la FGE-Guerrero los detenidos fueron identificados como Cornelio \u201cN\u201d y Samuel \u201cN\u201d, capturados en la localidad de Apanguito, en ese municipio de la zona del alto balsas.<\/p>\n\n\n\n<p>Se agrega que tras los trabajos de investigaci\u00f3n participaron elementos de la Secretar\u00eda de la Defensa Nacional (DEFENSA), Guardia Nacional (GN), Secretar\u00eda de Seguridad y Protecci\u00f3n Ciudadana (SSPC) y Polic\u00eda Estatal (SSPGro).<\/p>\n\n\n\n<p>Los dos detenidos se encuentran relacionados con hechos ocurridos en abril de 2026, en dicha localidad, donde habr\u00edan participado en la desaparici\u00f3n de las v\u00edctimas.<\/p>\n\n\n\n<p>Se dio a conocer que los imputados ser\u00e1n puestos a disposici\u00f3n del Juez de Control que los requiere, a efecto de que se determine su situaci\u00f3n jur\u00eddica conforme a derecho.<\/p>\n\n\n\n<p>Aunque hay operativos de b\u00fasqueda por parte de diferentes corporaciones, familiares y pobladores de la zona, en la que se ha involucrado el Ayuntamiento de Atenango, hasta el momento no se da con el paradero de los afectados, todos ellos con lazos familiares.<\/p>\n","protected":false},"excerpt":{"rendered":"<p>Las v\u00edctimas no aparecen desde hace casi tres semanas Rogelio Agust\u00edn La Fiscal\u00eda General del Estado de Guerrero (FGE-Guerrero) ejecut\u00f3 una orden de aprehensi\u00f3n en contra de dos personas por&hellip; <\/p>\n","protected":false},"author":21,"featured_media":102588,"comment_status":"open","ping_status":"open","sticky":false,"template":"","format":"standard","meta":{"fifu_image_url":"https:\/\/www.interaccionnoticias.com.mx\/wp-content\/uploads\/2026\/04\/260429-Atenango-del-Rio.jpg","fifu_image_alt":"","footnotes":""},"categories":[27],"tags":[],"class_list":["post-102585","post","type-post","status-publish","format-standard","has-post-thumbnail","hentry","category-seguridad-publica"],"_links":{"self":[{"href":"https:\/\/www.interaccionnoticias.com.mx\/index.php?rest_route=\/wp\/v2\/posts\/102585","targetHints":{"allow":["GET"]}}],"collection":[{"href":"https:\/\/www.interaccionnoticias.com.mx\/index.php?rest_route=\/wp\/v2\/posts"}],"about":[{"href":"https:\/\/www.interaccionnoticias.com.mx\/index.php?rest_route=\/wp\/v2\/types\/post"}],"author":[{"embeddable":true,"href":"https:\/\/www.interaccionnoticias.com.mx\/index.php?rest_route=\/wp\/v2\/users\/21"}],"replies":[{"embeddable":true,"href":"https:\/\/www.interaccionnoticias.com.mx\/index.php?rest_route=%2Fwp%2Fv2%2Fcomments&post=102585"}],"version-history":[{"count":1,"href":"https:\/\/www.interaccionnoticias.com.mx\/index.php?rest_route=\/wp\/v2\/posts\/102585\/revisions"}],"predecessor-version":[{"id":102587,"href":"https:\/\/www.interaccionnoticias.com.mx\/index.php?rest_route=\/wp\/v2\/posts\/102585\/revisions\/102587"}],"wp:featuredmedia":[{"embeddable":true,"href":"https:\/\/www.interaccionnoticias.com.mx\/index.php?rest_route=\/wp\/v2\/media\/102588"}],"wp:attachment":[{"href":"https:\/\/www.interaccionnoticias.com.mx\/index.php?rest_route=%2Fwp%2Fv2%2Fmedia&parent=102585"}],"wp:term":[{"taxonomy":"category","embeddable":true,"href":"https:\/\/www.interaccionnoticias.com.mx\/index.php?rest_route=%2Fwp%2Fv2%2Fcategories&post=102585"},{"taxonomy":"post_tag","embeddable":true,"href":"https:\/\/www.interaccionnoticias.com.mx\/index.php?rest_route=%2Fwp%2Fv2%2Ftags&post=102585"}],"curies":[{"name":"wp","href":"https:\/\/api.w.org\/{rel}","templated":true}]}}