{"id":102567,"date":"2026-04-28T16:49:00","date_gmt":"2026-04-28T22:49:00","guid":{"rendered":"https:\/\/www.interaccionnoticias.com.mx\/?p=102567"},"modified":"2026-04-28T20:47:31","modified_gmt":"2026-04-29T02:47:31","slug":"refuerzan-operativos-y-dialogo-en-zonas-de-conflicto-en-guerrero-como-la-sierra-y-costa-chica","status":"publish","type":"post","link":"https:\/\/www.interaccionnoticias.com.mx\/?p=102567","title":{"rendered":"Refuerzan operativos y di\u00e1logo en zonas de conflicto en Guerrero como la Sierra y Costa Chica"},"content":{"rendered":"\n<p><strong><em>&#8212; Se mantienen acciones de seguridad y operativos coordinados<\/em><\/strong><\/p>\n\n\n\n<p><strong>Interacci\u00f3n Noticias<\/strong><\/p>\n\n\n\n<p>El subsecretario de Desarrollo Pol\u00edtico y Social del Gobierno de Guerrero, Francisco Rodr\u00edguez Cisneros, inform\u00f3 que se mantienen acciones de seguridad y operativos coordinados en distintas regiones del estado, particularmente en la Costa Chica y la Sierra, donde recientemente se han reportado hechos de violencia.<\/p>\n\n\n\n<p>En entrevista este martes en Chilpancingo, el funcionario detall\u00f3 que en la comunidad de El Charco se realiz\u00f3 una intervenci\u00f3n con la participaci\u00f3n de elementos de la Secretar\u00eda de la Defensa Nacional y la Guardia Nacional, tras reportes de hechos violentos.<\/p>\n\n\n\n<p>Indic\u00f3 que derivado de estos operativos hubo hallazgos que ya son investigados por la Fiscal\u00eda General del Estado, instancia que inici\u00f3 las diligencias correspondientes para determinar responsabilidades.<\/p>\n\n\n\n<p>\u201cSe va a abrir una consecuencia jur\u00eddica, ya hay actos de investigaci\u00f3n en curso\u201d, se\u00f1al\u00f3.<\/p>\n\n\n\n<p>Rodr\u00edguez Cisneros adelant\u00f3 que en esa misma regi\u00f3n, as\u00ed como en el municipio de Juan R. Escudero, se llevar\u00e1 a cabo una intervenci\u00f3n importante en coordinaci\u00f3n con el Gobierno de M\u00e9xico, con el objetivo de atender la situaci\u00f3n de seguridad.<\/p>\n\n\n\n<p>Sobre reportes recientes en la Sierra de Chilpancingo, el funcionario reconoci\u00f3 que existen alertas por posibles enfrentamientos; sin embargo, aclar\u00f3 que no todos los reportes se han confirmado<\/p>\n\n\n\n<p>\u201cHay alertas, pero no todos los reportes derivan en enfrentamientos formales, aun as\u00ed, se atienden de manera coordinada\u201d, puntualiz\u00f3.<\/p>\n","protected":false},"excerpt":{"rendered":"<p>&#8212; Se mantienen acciones de seguridad y operativos coordinados Interacci\u00f3n Noticias El subsecretario de Desarrollo Pol\u00edtico y Social del Gobierno de Guerrero, Francisco Rodr\u00edguez Cisneros, inform\u00f3 que se mantienen acciones&hellip; <\/p>\n","protected":false},"author":19,"featured_media":102570,"comment_status":"open","ping_status":"open","sticky":false,"template":"","format":"standard","meta":{"fifu_image_url":"https:\/\/www.interaccionnoticias.com.mx\/wp-content\/uploads\/2026\/04\/260428-Francisco-Rodriguez-Cisneros.jpg","fifu_image_alt":"","footnotes":""},"categories":[11],"tags":[],"class_list":["post-102567","post","type-post","status-publish","format-standard","has-post-thumbnail","hentry","category-guerrero"],"_links":{"self":[{"href":"https:\/\/www.interaccionnoticias.com.mx\/index.php?rest_route=\/wp\/v2\/posts\/102567","targetHints":{"allow":["GET"]}}],"collection":[{"href":"https:\/\/www.interaccionnoticias.com.mx\/index.php?rest_route=\/wp\/v2\/posts"}],"about":[{"href":"https:\/\/www.interaccionnoticias.com.mx\/index.php?rest_route=\/wp\/v2\/types\/post"}],"author":[{"embeddable":true,"href":"https:\/\/www.interaccionnoticias.com.mx\/index.php?rest_route=\/wp\/v2\/users\/19"}],"replies":[{"embeddable":true,"href":"https:\/\/www.interaccionnoticias.com.mx\/index.php?rest_route=%2Fwp%2Fv2%2Fcomments&post=102567"}],"version-history":[{"count":1,"href":"https:\/\/www.interaccionnoticias.com.mx\/index.php?rest_route=\/wp\/v2\/posts\/102567\/revisions"}],"predecessor-version":[{"id":102569,"href":"https:\/\/www.interaccionnoticias.com.mx\/index.php?rest_route=\/wp\/v2\/posts\/102567\/revisions\/102569"}],"wp:featuredmedia":[{"embeddable":true,"href":"https:\/\/www.interaccionnoticias.com.mx\/index.php?rest_route=\/wp\/v2\/media\/102570"}],"wp:attachment":[{"href":"https:\/\/www.interaccionnoticias.com.mx\/index.php?rest_route=%2Fwp%2Fv2%2Fmedia&parent=102567"}],"wp:term":[{"taxonomy":"category","embeddable":true,"href":"https:\/\/www.interaccionnoticias.com.mx\/index.php?rest_route=%2Fwp%2Fv2%2Fcategories&post=102567"},{"taxonomy":"post_tag","embeddable":true,"href":"https:\/\/www.interaccionnoticias.com.mx\/index.php?rest_route=%2Fwp%2Fv2%2Ftags&post=102567"}],"curies":[{"name":"wp","href":"https:\/\/api.w.org\/{rel}","templated":true}]}}