{"id":102563,"date":"2026-04-28T15:36:00","date_gmt":"2026-04-28T21:36:00","guid":{"rendered":"https:\/\/www.interaccionnoticias.com.mx\/?p=102563"},"modified":"2026-04-28T20:34:33","modified_gmt":"2026-04-29T02:34:33","slug":"beatriz-mojica-descarta-que-haya-un-dedazo-en-morena-y-menos-en-guerrero","status":"publish","type":"post","link":"https:\/\/www.interaccionnoticias.com.mx\/?p=102563","title":{"rendered":"Beatriz Mojica descarta que haya un \u00abdedazo\u00bb en MORENA y menos en Guerrero"},"content":{"rendered":"\n<p><em><strong>&#8212; En esta entidad, asegura que nunca han prosperado las deciones centrales<\/strong><\/em><\/p>\n\n\n\n<p><strong>Rogelio Agust\u00edn<\/strong><\/p>\n\n\n\n<p><strong>Chilpancingo, Gro., 28 de abril de 2026.\u2014<\/strong> La senadora Beatriz Mojica Morga descart\u00f3 que en Morena exista un \u201cdedazo\u201d para definir la candidatura a la gubernatura de Guerrero, tambi\u00e9n record\u00f3 que en esta entidad \u00aby menos en la izquierda\u00bb han prosperado las decisiones centrales.<\/p>\n\n\n\n<p>V\u00eda telef\u00f3nica, la representante popular se\u00f1al\u00f3 que en esta entidad, el movimiento se rige por reglas claras, democr\u00e1ticas, siempre empujando hacia el respeto a la voluntad popular.<\/p>\n\n\n\n<p>Mojica Morga enfatiz\u00f3 que la presidenta de M\u00e9xico, Claudia Sheinbaum Pardo, act\u00faa con convicci\u00f3n democr\u00e1tica y no interviene en la imposici\u00f3n de candidaturas en los estados.<\/p>\n\n\n\n<p>\u201cHay que tenerlo muy claro: la Presidenta ha sido muy puntual y ha dicho \u2018yo no tengo candidatos\u2019. Es una dem\u00f3crata y respeta plenamente los procesos del movimiento\u201d, apunt\u00f3.<\/p>\n\n\n\n<p>Mojica Morga explic\u00f3 que Morena cuenta con un m\u00e9todo definido que garantiza condiciones equitativas para todos los aspirantes, basado en encuestas y en el respaldo de la poblaci\u00f3n.<\/p>\n\n\n\n<p>\u201cPara quienes piensan en el viejo r\u00e9gimen, en los dedazos, eso no existe aqu\u00ed. El mecanismo es muy claro: son las encuestas, es el pueblo quien decide\u201d, afirm\u00f3 .<\/p>\n\n\n\n<p>Subray\u00f3 que los estatutos del partido no se modificar\u00e1n y que todos los participantes tienen garant\u00edas de que el proceso ser\u00e1 transparente.<\/p>\n\n\n\n<p>\u201cTodos y todas tenemos garant\u00edas de participaci\u00f3n. S\u00e9 que el m\u00e9todo se va a respetar en todo momento y que se respetar\u00e1 la voluntad del pueblo\u201d, puntualiz\u00f3 .<\/p>\n\n\n\n<p>En ese contexto, destac\u00f3 que la fortaleza de Morena radica en su car\u00e1cter democr\u00e1tico y en su cercan\u00eda con la gente, lo que se traduce en trabajo territorial permanente.<\/p>\n\n\n\n<p>\u201cLo que hay en el territorio es el reconocimiento de la gente. Guerrero necesita a quien lo camine, a quien lo acompa\u00f1e, a quien lo escuche y ayude a resolver sus problemas\u201d, expres\u00f3 .<\/p>\n\n\n\n<p>Mojica tambi\u00e9n revel\u00f3 que, como parte de la l\u00ednea pol\u00edtica impulsada desde la Presidencia, se ha instruido a legisladores y cuadros del movimiento a no abandonar el contacto directo con la poblaci\u00f3n.<\/p>\n\n\n\n<p>\u201cLa Presidenta nos ha pedido algo muy claro: no abandonar el territorio, escuchar a la gente. Y eso es lo que hemos hecho durante a\u00f1os\u201d, se\u00f1al\u00f3 .<\/p>\n\n\n\n<p>Apunt\u00f3: \u201cGuerrero es un estado que nunca ha aceptado que vengan de fuera a decidir por nosotros. Aqu\u00ed la gente siempre ha luchado desde el territorio, siempre ha dado la batalla\u201d, afirm\u00f3 .<\/p>\n\n\n\n<p>En ese sentido, insisti\u00f3 en que la definici\u00f3n de la candidatura se dar\u00e1 con base en el respaldo social y no por decisiones cupulares.<\/p>\n\n\n\n<p>\u201cSer\u00e1 el pueblo el que determine qui\u00e9n coordine los trabajos de la transformaci\u00f3n. No hay otro camino\u201d, recalc\u00f3 .<\/p>\n\n\n\n<p>Reconoci\u00f3 que puede haber \u00abuno que otro despistado\u00bb, pero se\u00f1al\u00f3 que al final de cuentas, la poblaci\u00f3n sabe quienes han estado en el territorio y quienes no.<\/p>\n","protected":false},"excerpt":{"rendered":"<p>&#8212; En esta entidad, asegura que nunca han prosperado las deciones centrales Rogelio Agust\u00edn Chilpancingo, Gro., 28 de abril de 2026.\u2014 La senadora Beatriz Mojica Morga descart\u00f3 que en Morena&hellip; <\/p>\n","protected":false},"author":21,"featured_media":102566,"comment_status":"open","ping_status":"open","sticky":false,"template":"","format":"standard","meta":{"fifu_image_url":"https:\/\/www.interaccionnoticias.com.mx\/wp-content\/uploads\/2026\/04\/260428-Beatriz-Mojica-Morga.jpg","fifu_image_alt":"","footnotes":""},"categories":[21],"tags":[],"class_list":["post-102563","post","type-post","status-publish","format-standard","has-post-thumbnail","hentry","category-politica"],"_links":{"self":[{"href":"https:\/\/www.interaccionnoticias.com.mx\/index.php?rest_route=\/wp\/v2\/posts\/102563","targetHints":{"allow":["GET"]}}],"collection":[{"href":"https:\/\/www.interaccionnoticias.com.mx\/index.php?rest_route=\/wp\/v2\/posts"}],"about":[{"href":"https:\/\/www.interaccionnoticias.com.mx\/index.php?rest_route=\/wp\/v2\/types\/post"}],"author":[{"embeddable":true,"href":"https:\/\/www.interaccionnoticias.com.mx\/index.php?rest_route=\/wp\/v2\/users\/21"}],"replies":[{"embeddable":true,"href":"https:\/\/www.interaccionnoticias.com.mx\/index.php?rest_route=%2Fwp%2Fv2%2Fcomments&post=102563"}],"version-history":[{"count":1,"href":"https:\/\/www.interaccionnoticias.com.mx\/index.php?rest_route=\/wp\/v2\/posts\/102563\/revisions"}],"predecessor-version":[{"id":102565,"href":"https:\/\/www.interaccionnoticias.com.mx\/index.php?rest_route=\/wp\/v2\/posts\/102563\/revisions\/102565"}],"wp:featuredmedia":[{"embeddable":true,"href":"https:\/\/www.interaccionnoticias.com.mx\/index.php?rest_route=\/wp\/v2\/media\/102566"}],"wp:attachment":[{"href":"https:\/\/www.interaccionnoticias.com.mx\/index.php?rest_route=%2Fwp%2Fv2%2Fmedia&parent=102563"}],"wp:term":[{"taxonomy":"category","embeddable":true,"href":"https:\/\/www.interaccionnoticias.com.mx\/index.php?rest_route=%2Fwp%2Fv2%2Fcategories&post=102563"},{"taxonomy":"post_tag","embeddable":true,"href":"https:\/\/www.interaccionnoticias.com.mx\/index.php?rest_route=%2Fwp%2Fv2%2Ftags&post=102563"}],"curies":[{"name":"wp","href":"https:\/\/api.w.org\/{rel}","templated":true}]}}